{"id":209896,"date":"2026-08-31T20:31:43","date_gmt":"2026-08-31T20:31:43","guid":{"rendered":"https:\/\/esim.holafly.com\/pt\/?p=209896"},"modified":"2026-08-31T20:31:45","modified_gmt":"2026-08-31T20:31:45","slug":"cabo-verde-o-que-visitar","status":"publish","type":"post","link":"https:\/\/esim.holafly.com\/pt\/dicas-de-viagem\/cabo-verde-o-que-visitar\/","title":{"rendered":"Cabo Verde: o que visitar, o que fazer, as melhores praias e dicas de viagem"},"content":{"rendered":"\n<p>Cabo Verde \u00e9 muito mais do que praias: cada uma das nove ilhas habitadas oferece uma experi\u00eancia \u00fanica, entre <strong>as dunas do Sal e da Boa Vista<\/strong>, <strong>os picos de Santo Ant\u00e3o<\/strong> e <strong>a cultura de S\u00e3o Vicente e Santiago<\/strong>.<\/p>\n\n\n\n<p>Este guia ajuda-o a planear um<strong> itiner\u00e1rio realista<\/strong>, com <strong>conselhos pr\u00e1ticos<\/strong> sobre o que visitar, como se deslocar e os custos a esperar.<\/p>\n\n\n\n<div id=\"ez-toc-container\" class=\"ez-toc-v2_0_82_2 counter-hierarchy ez-toc-counter ez-toc-grey ez-toc-container-direction\">\n<div class=\"ez-toc-title-container\">\n<p class=\"ez-toc-title\" style=\"cursor:inherit\">Contents<\/p>\n<span class=\"ez-toc-title-toggle\"><a href=\"#\" class=\"ez-toc-pull-right ez-toc-btn ez-toc-btn-xs ez-toc-btn-default ez-toc-toggle\" aria-label=\"Toggle Table of Content\"><span class=\"ez-toc-js-icon-con\"><span class=\"\"><span class=\"eztoc-hide\" style=\"display:none;\">Toggle<\/span><span class=\"ez-toc-icon-toggle-span\"><svg style=\"fill: #999;color:#999\" xmlns=\"http:\/\/www.w3.org\/2000\/svg\" class=\"list-377408\" width=\"20px\" height=\"20px\" viewBox=\"0 0 24 24\" fill=\"none\"><path d=\"M6 6H4v2h2V6zm14 0H8v2h12V6zM4 11h2v2H4v-2zm16 0H8v2h12v-2zM4 16h2v2H4v-2zm16 0H8v2h12v-2z\" fill=\"currentColor\"><\/path><\/svg><svg style=\"fill: #999;color:#999\" class=\"arrow-unsorted-368013\" xmlns=\"http:\/\/www.w3.org\/2000\/svg\" width=\"10px\" height=\"10px\" viewBox=\"0 0 24 24\" version=\"1.2\" baseProfile=\"tiny\"><path d=\"M18.2 9.3l-6.2-6.3-6.2 6.3c-.2.2-.3.4-.3.7s.1.5.3.7c.2.2.4.3.7.3h11c.3 0 .5-.1.7-.3.2-.2.3-.5.3-.7s-.1-.5-.3-.7zM5.8 14.7l6.2 6.3 6.2-6.3c.2-.2.3-.5.3-.7s-.1-.5-.3-.7c-.2-.2-.4-.3-.7-.3h-11c-.3 0-.5.1-.7.3-.2.2-.3.5-.3.7s.1.5.3.7z\"\/><\/svg><\/span><\/span><\/span><\/a><\/span><\/div>\n<nav><ul class='ez-toc-list ez-toc-list-level-1 ' ><li class='ez-toc-page-1 ez-toc-heading-level-2'><a class=\"ez-toc-link ez-toc-heading-1\" href=\"https:\/\/esim.holafly.com\/pt\/dicas-de-viagem\/cabo-verde-o-que-visitar\/#TLDR\" >TL;DR<\/a><\/li><li class='ez-toc-page-1 ez-toc-heading-level-2'><a class=\"ez-toc-link ez-toc-heading-2\" href=\"https:\/\/esim.holafly.com\/pt\/dicas-de-viagem\/cabo-verde-o-que-visitar\/#O_que_visitar_e_fazer_em_Cabo_Verde_os_imperdiveis\" >O que visitar e fazer em Cabo Verde: os imperd\u00edveis<\/a><\/li><li class='ez-toc-page-1 ez-toc-heading-level-2'><a class=\"ez-toc-link ez-toc-heading-3\" href=\"https:\/\/esim.holafly.com\/pt\/dicas-de-viagem\/cabo-verde-o-que-visitar\/#Tesouros_escondidos_de_Cabo_Verde_recomendacoes_menos_obvias\" >Tesouros escondidos de Cabo Verde: recomenda\u00e7\u00f5es menos \u00f3bvias<\/a><\/li><li class='ez-toc-page-1 ez-toc-heading-level-2'><a class=\"ez-toc-link ez-toc-heading-4\" href=\"https:\/\/esim.holafly.com\/pt\/dicas-de-viagem\/cabo-verde-o-que-visitar\/#Quanto_custa_visitar_Cabo_Verde\" >Quanto custa visitar Cabo Verde?<\/a><\/li><li class='ez-toc-page-1 ez-toc-heading-level-2'><a class=\"ez-toc-link ez-toc-heading-5\" href=\"https:\/\/esim.holafly.com\/pt\/dicas-de-viagem\/cabo-verde-o-que-visitar\/#Como_se_deslocar_em_Cabo_Verde\" >Como se deslocar em Cabo Verde<\/a><\/li><li class='ez-toc-page-1 ez-toc-heading-level-2'><a class=\"ez-toc-link ez-toc-heading-6\" href=\"https:\/\/esim.holafly.com\/pt\/dicas-de-viagem\/cabo-verde-o-que-visitar\/#Melhor_altura_para_visitar_Cabo_Verde\" >Melhor altura para visitar Cabo Verde<\/a><\/li><li class='ez-toc-page-1 ez-toc-heading-level-2'><a class=\"ez-toc-link ez-toc-heading-7\" href=\"https:\/\/esim.holafly.com\/pt\/dicas-de-viagem\/cabo-verde-o-que-visitar\/#Nao_se_esqueca_destas_dicas_praticas\" >N\u00e3o se esque\u00e7a destas dicas pr\u00e1ticas<\/a><\/li><li class='ez-toc-page-1 ez-toc-heading-level-2'><a class=\"ez-toc-link ez-toc-heading-8\" href=\"https:\/\/esim.holafly.com\/pt\/dicas-de-viagem\/cabo-verde-o-que-visitar\/#Perguntas_frequentes\" >Perguntas frequentes<\/a><\/li><\/ul><\/nav><\/div>\n<h2 class=\"wp-block-heading\"><span class=\"ez-toc-section\" id=\"TLDR\"><\/span>TL;DR<span class=\"ez-toc-section-end\"><\/span><\/h2>\n\n\n\n<figure class=\"wp-block-table\"><table class=\"has-fixed-layout\"><tbody><tr><td><strong>Informa\u00e7\u00e3o<\/strong><\/td><td><strong>Resposta r\u00e1pida<\/strong><\/td><\/tr><tr><td><strong>Principal atra\u00e7\u00e3o<\/strong><\/td><td>Salinas de Pedra de Lume (Ilha do Sal)<\/td><\/tr><tr><td><strong>Tesouro escondido<\/strong><\/td><td>Vale do Paul e cratera da Cova (Santo Ant\u00e3o)<\/td><\/tr><tr><td><strong>Estadia m\u00ednima recomendada<\/strong><\/td><td>7 a 10 dias (para combinar pelo menos duas ilhas)<\/td><\/tr><tr><td><strong>Or\u00e7amento di\u00e1rio m\u00e9dio<\/strong><\/td><td>60,00 \u20ac a 120,00 \u20ac por pessoa (gama m\u00e9dia)<\/td><\/tr><tr><td><strong>Melhor altura para visitar<\/strong><\/td><td>Novembro a junho (tempo seco, sol e vento moderado)<\/td><\/tr><tr><td><strong>Melhor zona para ficar<\/strong><\/td><td>Santa Maria (Sal) para praia ou Mindelo (S\u00e3o Vicente) para cultura<\/td><\/tr><\/tbody><\/table><\/figure>\n\n\n\n<figure class=\"wp-block-table\"><table class=\"has-fixed-layout\"><tbody><tr><td><strong>Se tem&#8230;<\/strong><\/td><td><strong>D\u00ea prioridade a&#8230;<\/strong><\/td><\/tr><tr><td><strong>Meio dia<\/strong><\/td><td>Centro hist\u00f3rico do Mindelo (S\u00e3o Vicente) ou Cidade Velha (Santiago).<\/td><\/tr><tr><td><strong>1 dia<\/strong><\/td><td>Volta completa \u00e0 Ilha do Sal (Pedra de Lume, Buracona e Santa Maria).<\/td><\/tr><tr><td><strong>2 dias<\/strong><\/td><td>Santiago com visita \u00e0 Praia, Serra da Malagueta e Tarrafal.<\/td><\/tr><tr><td><strong>3 dias ou mais<\/strong><\/td><td>Travessia de ferry de S\u00e3o Vicente para Santo Ant\u00e3o para explorar os vales verdes.<\/td><\/tr><\/tbody><\/table><\/figure>\n\n\n\n<h2 class=\"wp-block-heading\"><span class=\"ez-toc-section\" id=\"O_que_visitar_e_fazer_em_Cabo_Verde_os_imperdiveis\"><\/span>O que visitar e fazer em Cabo Verde: os imperd\u00edveis<span class=\"ez-toc-section-end\"><\/span><\/h2>\n\n\n\n<p>Ao decidir <strong>visitar Cabo Verde<\/strong>, o segredo passa por selecionar as experi\u00eancias que melhor correspondem ao seu perfil de viagem, tendo em conta as dist\u00e2ncias geogr\u00e1ficas entre ilhas.<\/p>\n\n\n\n<h3 class=\"wp-block-heading\">Salinas de Pedra de Lume<\/h3>\n\n\n\n<figure class=\"wp-block-image size-full\"><img loading=\"lazy\" decoding=\"async\" width=\"1000\" height=\"667\" src=\"https:\/\/media.holafly.com\/sites\/27\/2026\/08\/Salinas-de-Pedra-de-Lume.jpg\" alt=\"As Salinas de Pedra de Lume, s\u00e3o uma das atra\u00e7\u00f5es naturais e hist\u00f3ricas mais fascinantes do Cabo Verde.\" class=\"wp-image-209926\" srcset=\"https:\/\/media.holafly.com\/sites\/27\/2026\/08\/Salinas-de-Pedra-de-Lume.jpg 1000w, https:\/\/media.holafly.com\/sites\/27\/2026\/08\/Salinas-de-Pedra-de-Lume-300x200.jpg 300w, https:\/\/media.holafly.com\/sites\/27\/2026\/08\/Salinas-de-Pedra-de-Lume-768x512.jpg 768w, https:\/\/media.holafly.com\/sites\/27\/2026\/08\/Salinas-de-Pedra-de-Lume-600x400.jpg 600w\" sizes=\"auto, (max-width: 1000px) 100vw, 1000px\" \/><figcaption class=\"wp-element-caption\">As Salinas de Pedra de Lume, s\u00e3o uma das atra\u00e7\u00f5es naturais e hist\u00f3ricas mais fascinantes do Cabo Verde.<\/figcaption><\/figure>\n\n\n\n<p>Localizadas <strong>no interior da cratera de um vulc\u00e3o extinto na Ilha do Sal<\/strong>, as Salinas de Pedra de Lume s\u00e3o um dos pontos tur\u00edsticos mais emblem\u00e1ticos do arquip\u00e9lago. A concentra\u00e7\u00e3o de sal na lagoa \u00e9 cerca de 26 vezes superior \u00e0 da \u00e1gua do mar normal, o que permite aos visitantes boiar sem qualquer esfor\u00e7o f\u00edsico.<\/p>\n\n\n\n<p>A visita vale a pena tanto pela experi\u00eancia terap\u00eautica como pela paisagem industrial antiga, que ainda <strong>preserva as estruturas do antigo telef\u00e9rico de madeira<\/strong> utilizado no transporte de sal. Para evitar multid\u00f5es e as temperaturas mais elevadas do meio-dia, <strong>o ideal \u00e9 chegar logo pela manh\u00e3 ou no final da tarde<\/strong>. A desloca\u00e7\u00e3o \u00e9 feita <strong>facilmente de t\u00e1xi ou excurs\u00e3o organizada<\/strong> a partir de Santa Maria ou Espargos.<\/p>\n\n\n\n<p>Esta paragem \u00e9 <strong>essencial para quem passa pelo Sal<\/strong>, embora o banho n\u00e3o seja recomendado a pessoas com cortes recentes na pele devido ao elevado teor salino.<\/p>\n\n\n\n<figure class=\"wp-block-table\"><table class=\"has-fixed-layout\"><tbody><tr><td><strong>Informa\u00e7\u00e3o<\/strong><\/td><td><strong>Detalhes<\/strong><\/td><\/tr><tr><td><strong>Pre\u00e7o do bilhete<\/strong><\/td><td>~5,00 \u20ac a 6,00 \u20ac (duche de \u00e1gua doce: ~1,00 \u20ac)<\/td><\/tr><tr><td><strong>Hor\u00e1rio<\/strong><\/td><td>Diariamente, das 09:00 \u00e0s 17:45<\/td><\/tr><tr><td><strong>Dura\u00e7\u00e3o recomendada<\/strong><\/td><td>1h30 a 2 horas<\/td><\/tr><tr><td><strong>Reserva necess\u00e1ria<\/strong><\/td><td>N\u00e3o<\/td><\/tr><tr><td><strong>Melhor altura para visitar<\/strong><\/td><td>Entre as 09:00 e as 11:00 ou ap\u00f3s as 15:30<\/td><\/tr><\/tbody><\/table><\/figure>\n\n\n\n<h3 class=\"wp-block-heading\">Buracona e o Olho Azul<\/h3>\n\n\n\n<figure class=\"wp-block-image size-full\"><img loading=\"lazy\" decoding=\"async\" width=\"1000\" height=\"666\" src=\"https:\/\/media.holafly.com\/sites\/27\/2026\/08\/Buracona-Cabo-Verde.jpg\" alt=\"A Buracona \u00e9 uma pequena ba\u00eda com fal\u00e9sias de lava negra e o fen\u00f3meno do &quot;Olho Azul&quot;, uma cavidade na rocha vulc\u00e2nica onde a luz solar cria um reflexo azul-turquesa m\u00e1gico na \u00e1gua.\" class=\"wp-image-209927\" srcset=\"https:\/\/media.holafly.com\/sites\/27\/2026\/08\/Buracona-Cabo-Verde.jpg 1000w, https:\/\/media.holafly.com\/sites\/27\/2026\/08\/Buracona-Cabo-Verde-300x200.jpg 300w, https:\/\/media.holafly.com\/sites\/27\/2026\/08\/Buracona-Cabo-Verde-768x511.jpg 768w, https:\/\/media.holafly.com\/sites\/27\/2026\/08\/Buracona-Cabo-Verde-600x400.jpg 600w\" sizes=\"auto, (max-width: 1000px) 100vw, 1000px\" \/><figcaption class=\"wp-element-caption\">A Buracona \u00e9 uma pequena ba\u00eda com fal\u00e9sias de lava negra e o fen\u00f3meno do &#8220;Olho Azul&#8221;, uma cavidade na rocha vulc\u00e2nica onde a luz solar cria um reflexo azul-turquesa m\u00e1gico na \u00e1gua.<\/figcaption><\/figure>\n\n\n\n<p>Na costa noroeste da <strong>Ilha do Sal<\/strong> situa-se a Buracona, uma <strong>piscina natural de rocha vulc\u00e2nica<\/strong> e uma caverna submarina onde ocorre o <strong>fen\u00f3meno \u00f3tico conhecido como \u00abOlho Azul\u00bb<\/strong>. Quando a luz solar incide num determinado \u00e2ngulo sobre a abertura da rocha, a \u00e1gua reflete uma tonalidade azul-turquesa brilhante.<\/p>\n\n\n\n<p>O local disp\u00f5e de <strong>passadi\u00e7os de madeira e um restaurante de apoio<\/strong>. A melhor altura para observar o efeito luminoso ocorre <strong>entre as 10:30 e as 13:00<\/strong>, dependendo da posi\u00e7\u00e3o do sol e da nebulosidade. O acesso faz-se maioritariamente por <strong>pistas de terra batida atrav\u00e9s de ve\u00edculos 4&#215;4<\/strong>, excurs\u00f5es guiadas ou t\u00e1xi a partir de Palmeira ou Santa Maria.<\/p>\n\n\n\n<p>Trata-se de uma paragem que <strong>vale a pena conjugar num passeio de dia inteiro pela ilha<\/strong>, embora nos dias de mar agitado a piscina exterior fique interdita a banhos por motivos de seguran\u00e7a.<\/p>\n\n\n\n<figure class=\"wp-block-table\"><table class=\"has-fixed-layout\"><tbody><tr><td><strong>Informa\u00e7\u00e3o<\/strong><\/td><td><strong>Detalhes<\/strong><\/td><\/tr><tr><td><strong>Pre\u00e7o do bilhete<\/strong><\/td><td>~3,00 \u20ac<\/td><\/tr><tr><td><strong>Hor\u00e1rio<\/strong><\/td><td>Diariamente, das 09:00 \u00e0s 17:00<\/td><\/tr><tr><td><strong>Dura\u00e7\u00e3o recomendada<\/strong><\/td><td>45 minutos a 1 hora<\/td><\/tr><tr><td><strong>Reserva necess\u00e1ria<\/strong><\/td><td>N\u00e3o<\/td><\/tr><tr><td><strong>Melhor altura para visitar<\/strong><\/td><td>Entre as 10:30 e as 13:00 (para ver o Olho Azul)<\/td><\/tr><\/tbody><\/table><\/figure>\n\n\n\n<h3 class=\"wp-block-heading\">Praia de Santa Maria e Pont\u00e3o<\/h3>\n\n\n\n<figure class=\"wp-block-image size-full\"><img loading=\"lazy\" decoding=\"async\" width=\"1000\" height=\"667\" src=\"https:\/\/media.holafly.com\/sites\/27\/2026\/08\/Praia-de-Santa-Maria-e-Pontao-Cabo-Verde.jpg\" alt=\"A Praia de Santa Maria e o seu emblem\u00e1tico Pont\u00e3o s\u00e3o o verdadeiro cora\u00e7\u00e3o tur\u00edstico e cultural da Ilha do Sal, em Cabo Verde.\" class=\"wp-image-209928\" srcset=\"https:\/\/media.holafly.com\/sites\/27\/2026\/08\/Praia-de-Santa-Maria-e-Pontao-Cabo-Verde.jpg 1000w, https:\/\/media.holafly.com\/sites\/27\/2026\/08\/Praia-de-Santa-Maria-e-Pontao-Cabo-Verde-300x200.jpg 300w, https:\/\/media.holafly.com\/sites\/27\/2026\/08\/Praia-de-Santa-Maria-e-Pontao-Cabo-Verde-768x512.jpg 768w, https:\/\/media.holafly.com\/sites\/27\/2026\/08\/Praia-de-Santa-Maria-e-Pontao-Cabo-Verde-600x400.jpg 600w\" sizes=\"auto, (max-width: 1000px) 100vw, 1000px\" \/><figcaption class=\"wp-element-caption\">A Praia de Santa Maria e o seu emblem\u00e1tico Pont\u00e3o s\u00e3o o verdadeiro cora\u00e7\u00e3o tur\u00edstico e cultural da Ilha do Sal, em Cabo Verde.<\/figcaption><\/figure>\n\n\n\n<p>A <strong>Praia de Santa Maria<\/strong>, no extremo sul do Sal, oferece um <strong>extenso areal de areia fina e \u00e1guas calmas e mornas<\/strong>, sendo o polo balnear mais concorrido do pa\u00eds. No cora\u00e7\u00e3o da praia encontra-se o hist\u00f3rico <strong>Pont\u00e3o de Santa Maria<\/strong>, onde pescadores locais descarregam peixe fresco todas as manh\u00e3s.<\/p>\n\n\n\n<p>Acompanhar a chegada dos barcos e a venda do atum e da serra diretamente no pont\u00e3o \u00e9 uma excelente forma de vivenciar a rotina local antes de aproveitar a praia. O areal \u00e9 <strong>ideal para banhos, caminhadas e desportos n\u00e1uticos como windsurf e kitesurf<\/strong>. O acesso \u00e9 pedonal para quem se hospeda na vila de Santa Maria.<\/p>\n\n\n\n<p>Esta experi\u00eancia \u00e9<strong> indispens\u00e1vel para quem procura descanso<\/strong> e dias de praia descontra\u00eddos com boa oferta de restaurantes e bares nas imedia\u00e7\u00f5es.<\/p>\n\n\n\n<figure class=\"wp-block-table\"><table class=\"has-fixed-layout\"><tbody><tr><td><strong>Informa\u00e7\u00e3o<\/strong><\/td><td><strong>Detalhes<\/strong><\/td><\/tr><tr><td><strong>Pre\u00e7o do bilhete<\/strong><\/td><td>Gratuito<\/td><\/tr><tr><td><strong>Hor\u00e1rio<\/strong><\/td><td>Acesso livre (movimento no pont\u00e3o entre as 09:00 e as 11:00)<\/td><\/tr><tr><td><strong>Dura\u00e7\u00e3o recomendada<\/strong><\/td><td>Meio dia a v\u00e1rios dias<\/td><\/tr><tr><td><strong>Reserva necess\u00e1ria<\/strong><\/td><td>N\u00e3o<\/td><\/tr><tr><td><strong>Melhor altura para visitar<\/strong><\/td><td>Manh\u00e3 para ver os pescadores; final de tarde para o p\u00f4r do sol<\/td><\/tr><\/tbody><\/table><\/figure>\n\n\n\n<h3 class=\"wp-block-heading\">Cidade Velha e Forte Real de S\u00e3o Filipe<\/h3>\n\n\n\n<figure class=\"wp-block-image size-full\"><img loading=\"lazy\" decoding=\"async\" width=\"1000\" height=\"750\" src=\"https:\/\/media.holafly.com\/sites\/27\/2026\/08\/Cidade-Velha-e-Forte-Real-de-Sao-Filipe-Cabo-Verde.jpg\" alt=\"O Forte Real de S\u00e3o Filipe, que domina a Cidade Velha, na ilha de Santiago, em Cabo Verde, foi a primeira e mais importante fortifica\u00e7\u00e3o do arquip\u00e9lago, destinada a defender o porto e a cidade. \" class=\"wp-image-209929\" srcset=\"https:\/\/media.holafly.com\/sites\/27\/2026\/08\/Cidade-Velha-e-Forte-Real-de-Sao-Filipe-Cabo-Verde.jpg 1000w, https:\/\/media.holafly.com\/sites\/27\/2026\/08\/Cidade-Velha-e-Forte-Real-de-Sao-Filipe-Cabo-Verde-300x225.jpg 300w, https:\/\/media.holafly.com\/sites\/27\/2026\/08\/Cidade-Velha-e-Forte-Real-de-Sao-Filipe-Cabo-Verde-768x576.jpg 768w\" sizes=\"auto, (max-width: 1000px) 100vw, 1000px\" \/><figcaption class=\"wp-element-caption\">O Forte Real de S\u00e3o Filipe, que domina a Cidade Velha, na ilha de Santiago, em Cabo Verde, foi a primeira e mais importante fortifica\u00e7\u00e3o do arquip\u00e9lago, destinada a defender o porto e a cidade.<\/figcaption><\/figure>\n\n\n\n<p>Localizada a cerca de 15 quil\u00f3metros da capital Praia, na Ilha de Santiago, a <strong>Cidade Velha<\/strong> (antiga Ribeira Grande) <strong>foi a primeira cidade fundada por europeus nos tr\u00f3picos<\/strong> e \u00e9 <strong>classificada como Patrim\u00f3nio Mundial pela UNESCO<\/strong>. No topo da colina ergue-se o F<strong>orte Real de S\u00e3o Filipe<\/strong>, constru\u00eddo no final do s\u00e9culo XVI para proteger o entreposto comercial de ataques de cors\u00e1rios como Francis Drake.<\/p>\n\n\n\n<p>A visita proporciona <strong>vistas panor\u00e2micas<\/strong> sobre o oceano e as ru\u00ednas da S\u00e9 Catedral, a Igreja de Nossa Senhora do Ros\u00e1rio e a Rua de Banana. A viagem desde a Praia demora cerca de 20 minutos em transporte coletivo (<em>aluguer<\/em>) ou de t\u00e1xi.<\/p>\n\n\n\n<p>Consideramos este passeio <strong>essencial para quem visita Santiago<\/strong>, sendo a principal refer\u00eancia hist\u00f3rica do arquip\u00e9lago.<\/p>\n\n\n\n<figure class=\"wp-block-table\"><table class=\"has-fixed-layout\"><tbody><tr><td><strong>Informa\u00e7\u00e3o<\/strong><\/td><td><strong>Detalhes<\/strong><\/td><\/tr><tr><td><strong>Pre\u00e7o do bilhete<\/strong><\/td><td>~5,00 \u20ac (500 CVE para entrada no Forte)<\/td><\/tr><tr><td><strong>Hor\u00e1rio<\/strong><\/td><td>Diariamente, das 08:00 \u00e0s 18:00<\/td><\/tr><tr><td><strong>Dura\u00e7\u00e3o recomendada<\/strong><\/td><td>2 a 3 horas<\/td><\/tr><tr><td><strong>Reserva necess\u00e1ria<\/strong><\/td><td>N\u00e3o<\/td><\/tr><tr><td><strong>Melhor altura para visitar<\/strong><\/td><td>Manh\u00e3 cedo ou a partir das 16:00<\/td><\/tr><\/tbody><\/table><\/figure>\n\n\n\n<h3 class=\"wp-block-heading\">Centro Hist\u00f3rico e Marina do Mindelo<\/h3>\n\n\n\n<figure class=\"wp-block-image size-full\"><img loading=\"lazy\" decoding=\"async\" width=\"1000\" height=\"668\" src=\"https:\/\/media.holafly.com\/sites\/27\/2026\/08\/Mindelo-Cabo-Verde.jpg\" alt=\"O Centro Hist\u00f3rico e a Marina do Mindelo, na ilha de S\u00e3o Vicente em Cabo Verde, formam o cora\u00e7\u00e3o cultural, arquitet\u00f3nico e n\u00e1utico da cidade\" class=\"wp-image-209930\" srcset=\"https:\/\/media.holafly.com\/sites\/27\/2026\/08\/Mindelo-Cabo-Verde.jpg 1000w, https:\/\/media.holafly.com\/sites\/27\/2026\/08\/Mindelo-Cabo-Verde-300x200.jpg 300w, https:\/\/media.holafly.com\/sites\/27\/2026\/08\/Mindelo-Cabo-Verde-768x513.jpg 768w, https:\/\/media.holafly.com\/sites\/27\/2026\/08\/Mindelo-Cabo-Verde-600x400.jpg 600w\" sizes=\"auto, (max-width: 1000px) 100vw, 1000px\" \/><figcaption class=\"wp-element-caption\">O Centro Hist\u00f3rico e a Marina do Mindelo, na ilha de S\u00e3o Vicente em Cabo Verde, formam o cora\u00e7\u00e3o cultural, arquitet\u00f3nico e n\u00e1utico da cidade.<\/figcaption><\/figure>\n\n\n\n<p>O Mindelo, na Ilha de S\u00e3o Vicente, <strong>\u00e9 a capital cultural de Cabo Verde e a terra natal de Ces\u00e1ria \u00c9vora<\/strong>. A cidade destaca-se pelo casario colonial preservado, pela <strong>r\u00e9plica da Torre de Bel\u00e9m<\/strong> junto ao porto de pesca e pela anima\u00e7\u00e3o musical que se ouve nos restaurantes da <strong>Rua de Lisboa e da Pra\u00e7a Nova<\/strong>.<\/p>\n\n\n\n<p>Percorrer o <strong>Mercado Municipal, o Mercado do Peixe<\/strong> e a marginal em dire\u00e7\u00e3o \u00e0 Praia da Laginha faz-se perfeitamente a p\u00e9 num ritmo calmo. As noites de quinta-feira a domingo s\u00e3o as mais animadas para assistir a atua\u00e7\u00f5es de morna e coladeira ao vivo.<\/p>\n\n\n\n<p>\u00c9 uma paragem<strong> mandat\u00f3ria para apreciadores de m\u00fasica e vida urbana tradicional<\/strong> antes de apanhar a liga\u00e7\u00e3o mar\u00edtima para a vizinha ilha de Santo Ant\u00e3o.<\/p>\n\n\n\n<figure class=\"wp-block-table\"><table class=\"has-fixed-layout\"><tbody><tr><td><strong>Informa\u00e7\u00e3o<\/strong><\/td><td><strong>Detalhes<\/strong><\/td><\/tr><tr><td><strong>Pre\u00e7o do bilhete<\/strong><\/td><td>Gratuito (espa\u00e7o p\u00fablico)<\/td><\/tr><tr><td><strong>Hor\u00e1rio<\/strong><\/td><td>Mercados abertos de segunda a s\u00e1bado das 07:00 \u00e0s 14:00<\/td><\/tr><tr><td><strong>Dura\u00e7\u00e3o recomendada<\/strong><\/td><td>1 dia completo<\/td><\/tr><tr><td><strong>Reserva necess\u00e1ria<\/strong><\/td><td>N\u00e3o<\/td><\/tr><tr><td><strong>Melhor altura para visitar<\/strong><\/td><td>Manh\u00e3 para os mercados; noite para m\u00fasica ao vivo<\/td><\/tr><\/tbody><\/table><\/figure>\n\n\n\n<h2 class=\"wp-block-heading\"><span class=\"ez-toc-section\" id=\"Tesouros_escondidos_de_Cabo_Verde_recomendacoes_menos_obvias\"><\/span>Tesouros escondidos de Cabo Verde: recomenda\u00e7\u00f5es menos \u00f3bvias<span class=\"ez-toc-section-end\"><\/span><\/h2>\n\n\n\n<p>Se procura fugir dos circuitos tur\u00edsticos habituais e conhecer a faceta mais aut\u00eantica do pa\u00eds, vale a pena incluir algumas destas paragens no roteiro.<\/p>\n\n\n\n<h3 class=\"wp-block-heading\">Vale do Paul e descida da Cova<\/h3>\n\n\n\n<p>Na montanhosa <strong>Ilha de Santo Ant\u00e3o<\/strong>, acess\u00edvel apenas por barco a partir de S\u00e3o Vicente, o Vale do Paul representa <strong>o expoente m\u00e1ximo da agricultura tradicional cabo-verdiana<\/strong>. O percurso pedestre que come\u00e7a na cratera vulc\u00e2nica da Cova de Paul e desce em ziguezague at\u00e9 \u00e0 Vila das Pombas serpenteia por socalcos de cana-de-a\u00e7\u00facar, bananeiras e pequenas destilarias de grogue artesanal (<em>trapiches<\/em>).<\/p>\n\n\n\n<p>A transi\u00e7\u00e3o da paisagem vulc\u00e2nica de altitude para a vegeta\u00e7\u00e3o densa do vale \u00e9 impressionante. O percurso exige cal\u00e7ado de caminhada aderente e bom apoio nos joelhos, demorando cerca de 4 a 5 horas a descer. O transporte at\u00e9 \u00e0 cratera \u00e9 feito atrav\u00e9s de carrinhas de transporte coletivo (<em>aluguer<\/em>) a partir de Porto Novo.<\/p>\n\n\n\n<p>A nosso ver, <strong>esta caminhada justifica plenamente a travessia de ferry<\/strong> e \u00e9 o ponto alto para quem aprecia turismo de natureza.<\/p>\n\n\n\n<figure class=\"wp-block-table\"><table class=\"has-fixed-layout\"><tbody><tr><td><strong>Informa\u00e7\u00e3o<\/strong><\/td><td><strong>Detalhes<\/strong><\/td><\/tr><tr><td><strong>Pre\u00e7o do bilhete<\/strong><\/td><td>Gratuito (custo de guia opcional: ~30,00 \u20ac a 40,00 \u20ac)<\/td><\/tr><tr><td><strong>Hor\u00e1rio<\/strong><\/td><td>Acesso livre (recomenda-se iniciar a caminhada at\u00e9 \u00e0s 09:00)<\/td><\/tr><tr><td><strong>Dura\u00e7\u00e3o recomendada<\/strong><\/td><td>4 a 5 horas de caminhada<\/td><\/tr><tr><td><strong>Reserva necess\u00e1ria<\/strong><\/td><td>Aconselh\u00e1vel reservar transporte de regresso<\/td><\/tr><tr><td><strong>Melhor altura para visitar<\/strong><\/td><td>Novembro a mar\u00e7o (temperaturas amenas)<\/td><\/tr><\/tbody><\/table><\/figure>\n\n\n\n<h3 class=\"wp-block-heading\">Ba\u00eda e Praia do Tarrafal de Santiago<\/h3>\n\n\n\n<figure class=\"wp-block-image size-full\"><img loading=\"lazy\" decoding=\"async\" width=\"1000\" height=\"658\" src=\"https:\/\/media.holafly.com\/sites\/27\/2026\/08\/Praia-do-Tarrafal-de-Santiago-Cabo-Verde.jpg\" alt=\"A ba\u00eda e a praia do Tarrafal combinam uma deslumbrante praia de areia branca em forma de lua crescente, \u00e1guas mornas e cristalinas, e uma vibrante cultura piscat\u00f3ria local.\" class=\"wp-image-209931\" srcset=\"https:\/\/media.holafly.com\/sites\/27\/2026\/08\/Praia-do-Tarrafal-de-Santiago-Cabo-Verde.jpg 1000w, https:\/\/media.holafly.com\/sites\/27\/2026\/08\/Praia-do-Tarrafal-de-Santiago-Cabo-Verde-300x197.jpg 300w, https:\/\/media.holafly.com\/sites\/27\/2026\/08\/Praia-do-Tarrafal-de-Santiago-Cabo-Verde-768x505.jpg 768w\" sizes=\"auto, (max-width: 1000px) 100vw, 1000px\" \/><figcaption class=\"wp-element-caption\">A ba\u00eda e a praia do Tarrafal combinam uma deslumbrante praia de areia branca em forma de lua crescente, \u00e1guas mornas e cristalinas, e uma vibrante cultura piscat\u00f3ria local.<\/figcaption><\/figure>\n\n\n\n<p>No extremo norte da Ilha de Santiago, a cerca de 70 quil\u00f3metros da Praia, o Tarrafal abriga uma <strong>ba\u00eda protegida de areia clara<\/strong> rodeada por coqueiros e encostas montanhosas. As \u00e1guas calmas tornam a praia <strong>ideal para nata\u00e7\u00e3o, mergulho e observa\u00e7\u00e3o de tartarugas<\/strong> com empresas locais de mergulho.<\/p>\n\n\n\n<p>Ao contr\u00e1rio das praias do sul mais expostas \u00e0 ondula\u00e7\u00e3o, o Tarrafal mant\u00e9m um ritmo piscat\u00f3rio muito aut\u00eantico. <strong>A viagem desde a capital dura cerca de 1h30 a 2 horas<\/strong> atrav\u00e9s da estrada c\u00e9nica que atravessa a Serra da Malagueta, sendo poss\u00edvel apanhar carrinhas no<strong> Mercado de Sucupira na Praia<\/strong>. Na vila, \u00e9 tamb\u00e9m poss\u00edvel visitar o hist\u00f3rico <strong>Museu da Resist\u00eancia<\/strong> (antigo Campo de Concentra\u00e7\u00e3o do Tarrafal).<\/p>\n\n\n\n<p><strong>Recomendamos pernoitar pelo menos uma noite<\/strong> no Tarrafal em vez de fazer apenas uma visita r\u00e1pida de ida e volta no mesmo dia.<\/p>\n\n\n\n<figure class=\"wp-block-table\"><table class=\"has-fixed-layout\"><tbody><tr><td><strong>Informa\u00e7\u00e3o<\/strong><\/td><td><strong>Detalhes<\/strong><\/td><\/tr><tr><td><strong>Pre\u00e7o do bilhete<\/strong><\/td><td>Acesso livre \u00e0 praia (Museu da Resist\u00eancia: ~2,00 \u20ac)<\/td><\/tr><tr><td><strong>Hor\u00e1rio<\/strong><\/td><td>Praia: livre; Museu: de segunda a s\u00e1bado das 09:00 \u00e0s 17:00<\/td><\/tr><tr><td><strong>Dura\u00e7\u00e3o recomendada<\/strong><\/td><td>1 a 2 dias<\/td><\/tr><tr><td><strong>Reserva necess\u00e1ria<\/strong><\/td><td>N\u00e3o<\/td><\/tr><tr><td><strong>Melhor altura para visitar<\/strong><\/td><td>Dias de semana para um ambiente mais sossegado<\/td><\/tr><\/tbody><\/table><\/figure>\n\n\n\n<h3 class=\"wp-block-heading\">Dunas da Praia de Santa M\u00f3nica<\/h3>\n\n\n\n<figure class=\"wp-block-image size-full\"><img loading=\"lazy\" decoding=\"async\" width=\"1000\" height=\"667\" src=\"https:\/\/media.holafly.com\/sites\/27\/2026\/08\/Praia-de-Santa-Monica-Cabo-Verde.jpg\" alt=\"A Praia de Santa M\u00f3nica \u00e9 amplamente considerada uma das praias mais bonitas de \u00c1frica e do mundo.\" class=\"wp-image-209932\" srcset=\"https:\/\/media.holafly.com\/sites\/27\/2026\/08\/Praia-de-Santa-Monica-Cabo-Verde.jpg 1000w, https:\/\/media.holafly.com\/sites\/27\/2026\/08\/Praia-de-Santa-Monica-Cabo-Verde-300x200.jpg 300w, https:\/\/media.holafly.com\/sites\/27\/2026\/08\/Praia-de-Santa-Monica-Cabo-Verde-768x512.jpg 768w, https:\/\/media.holafly.com\/sites\/27\/2026\/08\/Praia-de-Santa-Monica-Cabo-Verde-600x400.jpg 600w\" sizes=\"auto, (max-width: 1000px) 100vw, 1000px\" \/><figcaption class=\"wp-element-caption\">A Praia de Santa M\u00f3nica \u00e9 amplamente considerada uma das praias mais bonitas de \u00c1frica e do mundo.<\/figcaption><\/figure>\n\n\n\n<p>Na <a href=\"https:\/\/esim.holafly.com\/pt\/dicas-de-viagem\/qual-a-melhor-ilha-de-cabo-verde-para-praia\/#Boa_Vista_praias_paradisiacas_e_tranquilidade\" target=\"_blank\" rel=\"noreferrer noopener\">Ilha da Boa Vista<\/a>, a Praia de Santa M\u00f3nica estende-se por quase 20 quil\u00f3metros de areal selvagem no sudoeste da ilha. Trata-se de <strong>uma das praias mais extensas de \u00c1frica<\/strong>, desprovida de grandes constru\u00e7\u00f5es ou multid\u00f5es.<\/p>\n\n\n\n<p>A sensa\u00e7\u00e3o de isolamento e a cor do mar s\u00e3o os seus principais atrativos. Contudo, o<strong> acesso requer uma viatura todo-o-terreno<\/strong> ou uma <strong>excurs\u00e3o de moto-quatro\/buggy a partir de Sal Rei<\/strong>. Devido \u00e0 forte rebenta\u00e7\u00e3o e \u00e0s correntes mar\u00edtimas nesta costa aberta, o banho exige cautela redobrada.<\/p>\n\n\n\n<p>\u00c9 um desvio<strong> imperd\u00edvel para quem valoriza paisagens naturais<\/strong> em estado puro e fotografia de paisagem.<\/p>\n\n\n\n<figure class=\"wp-block-table\"><table class=\"has-fixed-layout\"><tbody><tr><td><strong>Informa\u00e7\u00e3o<\/strong><\/td><td><strong>Detalhes<\/strong><\/td><\/tr><tr><td><strong>Pre\u00e7o do bilhete<\/strong><\/td><td>Gratuito<\/td><\/tr><tr><td><strong>Hor\u00e1rio<\/strong><\/td><td>Acesso livre durante o dia<\/td><\/tr><tr><td><strong>Dura\u00e7\u00e3o recomendada<\/strong><\/td><td>2 a 3 horas<\/td><\/tr><tr><td><strong>Reserva necess\u00e1ria<\/strong><\/td><td>N\u00e3o<\/td><\/tr><tr><td><strong>Melhor altura para visitar<\/strong><\/td><td>Manh\u00e3 ou in\u00edcio da tarde<\/td><\/tr><\/tbody><\/table><\/figure>\n\n\n\n<h2 class=\"wp-block-heading\"><span class=\"ez-toc-section\" id=\"Quanto_custa_visitar_Cabo_Verde\"><\/span>Quanto custa visitar Cabo Verde?<span class=\"ez-toc-section-end\"><\/span><\/h2>\n\n\n\n<p>Os custos de uma viagem a Cabo Verde <strong>variam consoante o n\u00famero de ilhas visitadas<\/strong> e a anteced\u00eancia na marca\u00e7\u00e3o de voos e estadias. A moeda oficial \u00e9 o Escudo Cabo-verdiano (CVE), com taxa de c\u00e2mbio fixa em rela\u00e7\u00e3o ao euro (1 \u20ac = 110,265 CVE).<\/p>\n\n\n\n<h3 class=\"wp-block-heading\">Alojamento<\/h3>\n\n\n\n<figure class=\"wp-block-table\"><table class=\"has-fixed-layout\"><tbody><tr><td><strong>Tipo<\/strong><\/td><td><strong>Pre\u00e7o aproximado por noite (quarto duplo)<\/strong><\/td><\/tr><tr><td><strong>Econ\u00f3mico<\/strong> (pens\u00f5es, guesthouses e quartos simples)<\/td><td>25,00 \u20ac a 45,00 \u20ac<\/td><\/tr><tr><td><strong>M\u00e9dio<\/strong> (hot\u00e9is de 3 estrelas, boutique hot\u00e9is e apartamentos)<\/td><td>50,00 \u20ac a 95,00 \u20ac<\/td><\/tr><tr><td><strong>Superior<\/strong> (resorts de 4 e 5 estrelas em regime tudo inclu\u00eddo)<\/td><td>120,00 \u20ac a 250,00 \u20ac+<\/td><\/tr><\/tbody><\/table><\/figure>\n\n\n\n<h3 class=\"wp-block-heading\">Atividades<\/h3>\n\n\n\n<figure class=\"wp-block-table\"><table class=\"has-fixed-layout\"><tbody><tr><td><strong>Atividade<\/strong><\/td><td><strong>Pre\u00e7o aproximado por pessoa<\/strong><\/td><\/tr><tr><td><strong>Entrada em salinas e s\u00edtios hist\u00f3ricos<\/strong><\/td><td>3,00 \u20ac a 6,00 \u20ac<\/td><\/tr><tr><td><strong>Excurs\u00e3o de dia inteiro pela ilha com guia<\/strong><\/td><td>35,00 \u20ac a 60,00 \u20ac<\/td><\/tr><tr><td><strong>Batismo de mergulho com instrutor<\/strong><\/td><td>50,00 \u20ac a 70,00 \u20ac<\/td><\/tr><tr><td><strong>Tour guiado de caminhada em Santo Ant\u00e3o<\/strong><\/td><td>30,00 \u20ac a 50,00 \u20ac<\/td><\/tr><tr><td><strong>Aluguer de equipamento de kitesurf\/windsurf por dia<\/strong><\/td><td>40,00 \u20ac a 65,00 \u20ac<\/td><\/tr><\/tbody><\/table><\/figure>\n\n\n\n<h3 class=\"wp-block-heading\">Alimenta\u00e7\u00e3o<\/h3>\n\n\n\n<figure class=\"wp-block-table\"><table class=\"has-fixed-layout\"><tbody><tr><td><strong>Tipo de refei\u00e7\u00e3o<\/strong><\/td><td><strong>Custo m\u00e9dio por refei\u00e7\u00e3o e pessoa<\/strong><\/td><\/tr><tr><td><strong>Refei\u00e7\u00e3o econ\u00f3mica<\/strong> (cachupa ou prato do dia em tasca local)<\/td><td>3,50 \u20ac a 6,00 \u20ac<\/td><\/tr><tr><td><strong>Restaurante m\u00e9dio<\/strong> (peixe fresco grelhado, acompanhamento e bebida)<\/td><td>10,00 \u20ac a 18,00 \u20ac<\/td><\/tr><tr><td><strong>Refei\u00e7\u00e3o de gama superior<\/strong> (lagosta, marisco e carta de vinhos)<\/td><td>25,00 \u20ac a 45,00 \u20ac<\/td><\/tr><\/tbody><\/table><\/figure>\n\n\n\n<h3 class=\"wp-block-heading\">Transportes<\/h3>\n\n\n\n<figure class=\"wp-block-table\"><table class=\"has-fixed-layout\"><tbody><tr><td><strong>Op\u00e7\u00e3o<\/strong><\/td><td><strong>Pre\u00e7o aproximado<\/strong><\/td><\/tr><tr><td><strong>Transporte coletivo urbano\/interurbano (<\/strong><strong><em>aluguer<\/em><\/strong><strong>)<\/strong><\/td><td>0,90 \u20ac a 4,50 \u20ac por trajeto<\/td><\/tr><tr><td><strong>T\u00e1xi (trajeto curto na cidade)<\/strong><\/td><td>2,00 \u20ac a 5,00 \u20ac<\/td><\/tr><tr><td><strong>Aluguer de carro (categoria econ\u00f3mica)<\/strong><\/td><td>40,00 \u20ac a 60,00 \u20ac por dia<\/td><\/tr><tr><td><strong>Ferry S\u00e3o Vicente \u2194 Santo Ant\u00e3o (ida e volta)<\/strong><\/td><td>~14,00 \u20ac a 28,00 \u20ac (consoante tarifa)<\/td><\/tr><tr><td><strong>Voo interno entre ilhas (TACV\/Cabo Verde Airlines)<\/strong><\/td><td>60,00 \u20ac a 120,00 \u20ac por trajeto<\/td><\/tr><\/tbody><\/table><\/figure>\n\n\n\n<h3 class=\"wp-block-heading\">Estimativa de or\u00e7amento di\u00e1rio por pessoa<\/h3>\n\n\n\n<ul class=\"wp-block-list\">\n<li><strong>Viajante econ\u00f3mico (35,00 \u20ac a 50,00 \u20ac\/dia):<\/strong> Alojamento em quartos partilhados ou pens\u00f5es familiares, refei\u00e7\u00f5es em pequenos restaurantes locais (<em>tabernas<\/em>), desloca\u00e7\u00f5es exclusivas em carrinhas <em>aluguer<\/em> e foco em atra\u00e7\u00f5es naturais gratuitas. N\u00e3o inclui voos internos.<\/li>\n\n\n\n<li><strong>Viajante de gama m\u00e9dia (70,00 \u20ac a 120,00 \u20ac\/dia):<\/strong> Estadia em hot\u00e9is confort\u00e1veis de tr\u00eas estrelas ou alojamento local privado, refei\u00e7\u00f5es di\u00e1rias de peixe fresco em bons restaurantes, combina\u00e7\u00e3o de t\u00e1xis e excurs\u00f5es pontuais, al\u00e9m de entradas nos monumentos.<\/li>\n\n\n\n<li><strong>Viajante de gama alta (160,00 \u20ac a 300,00 \u20ac+\/dia):<\/strong> Resorts de praia ou boutique hot\u00e9is selecionados, refei\u00e7\u00f5es completas \u00e0 la carte com marisco, aluguer di\u00e1rio de viatura todo-o-terreno ou passeios privados com condutor e voos dom\u00e9sticos entre ilhas.<\/li>\n<\/ul>\n\n\n\n<h2 class=\"wp-block-heading\"><span class=\"ez-toc-section\" id=\"Como_se_deslocar_em_Cabo_Verde\"><\/span>Como se deslocar em Cabo Verde<span class=\"ez-toc-section-end\"><\/span><\/h2>\n\n\n\n<p>A mobilidade em Cabo Verde exige estrat\u00e9gias diferentes em fun\u00e7\u00e3o do terreno e da infraestrutura de cada ilha.<\/p>\n\n\n\n<ul class=\"wp-block-list\">\n<li><strong>Desloca\u00e7\u00f5es a p\u00e9:<\/strong> excelente op\u00e7\u00e3o para explorar centros hist\u00f3ricos compactos como o Mindelo, a vila de Santa Maria no Sal ou para realizar percursos pedestres em Santo Ant\u00e3o e Santiago.<\/li>\n\n\n\n<li><strong>Transporte p\u00fablico (<em>alugueres<\/em>):<\/strong> as carrinhas de passageiros (miniautocarros ou carrinhas de caixa aberta) s\u00e3o o meio de transporte mais popular entre os cabo-verdianos. Partem de terminais centrais quando est\u00e3o cheias e cobram tarifas muito acess\u00edveis. S\u00e3o ideais para or\u00e7amentos controlados, embora n\u00e3o tenham hor\u00e1rios rigorosos.<\/li>\n\n\n\n<li><strong>T\u00e1xi:<\/strong> muito comuns nas cidades do Sal, da Praia e do Mindelo. Para viagens urbanas t\u00eam tarifas acess\u00edveis, mas para viagens de dia inteiro ou percursos noturnos conv\u00e9m acertar o valor da corrida com o motorista antes de entrar, j\u00e1 que muitos ve\u00edculos n\u00e3o utilizam tax\u00edmetro.<\/li>\n\n\n\n<li><strong>Aluguer de carro:<\/strong> pode consultar o nosso guia sobre <a href=\"https:\/\/esim.holafly.com\/pt\/viagem\/conduzir-cabo-verde\/\" target=\"_blank\" rel=\"noreferrer noopener\">como conduzir em Cabo Verde<\/a> para conhecer os requisitos e regras locais. Alugar viatura \u00e9 altamente recomend\u00e1vel em Santiago, S\u00e3o Vicente e Boa Vista. Na Ilha do Sal as dist\u00e2ncias s\u00e3o curtas e f\u00e1ceis de cobrir de t\u00e1xi ou excurs\u00e3o, ao passo que em Santo Ant\u00e3o as estradas \u00edngremes de cal\u00e7ada e curvas apertadas tornam as carrinhas com motorista local uma op\u00e7\u00e3o mais segura e relaxante.<\/li>\n\n\n\n<li><strong>Voos dom\u00e9sticos:<\/strong> s\u00e3o indispens\u00e1veis para transitar entre ilhas distantes em viagens curtas, exigindo reserva antecipada nos meses de ver\u00e3o e festividades de final de ano.<\/li>\n\n\n\n<li><strong>Ferrys entre ilhas:<\/strong> a liga\u00e7\u00e3o mar\u00edtima di\u00e1ria entre S\u00e3o Vicente (Porto Grande no Mindelo) e Santo Ant\u00e3o (Porto Novo) \u00e9 pontual, segura e demora apenas 60 minutos, operada pela CV Interilhas. As restantes liga\u00e7\u00f5es de ferry entre ilhas mais distantes est\u00e3o sujeitas ao estado do mar e t\u00eam dura\u00e7\u00f5es longas, sendo menos indicadas para estadias curtas.<\/li>\n<\/ul>\n\n\n\n<h2 class=\"wp-block-heading\"><span class=\"ez-toc-section\" id=\"Melhor_altura_para_visitar_Cabo_Verde\"><\/span>Melhor altura para visitar Cabo Verde<span class=\"ez-toc-section-end\"><\/span><\/h2>\n\n\n\n<p>Cabo Verde beneficia de um <strong>clima tropical seco<\/strong> com temperaturas mornas durante todo o ano, variando habitualmente entre os 23 \u00b0C e os 29 \u00b0C.<\/p>\n\n\n\n<figure class=\"wp-block-table\"><table class=\"has-fixed-layout\"><tbody><tr><td><strong>\u00c9poca<\/strong><\/td><td><strong>Tempo<\/strong><\/td><td><strong>Turistas<\/strong><\/td><td><strong>Pre\u00e7os<\/strong><\/td><td><strong>Vantagens<\/strong><\/td><\/tr><tr><td><strong>Novembro a abril<\/strong> (Inverno ameno \/ Al\u00edsios)<\/td><td>Sol pleno, temperaturas entre 23 \u00b0C e 26 \u00b0C, vento constante<\/td><td>Elevado (\u00e9poca alta europeia)<\/td><td>Mais altos<\/td><td>Condi\u00e7\u00f5es perfeitas para desportos de vento (kitesurf e windsurf) e caminhadas em montanha sem calor excessivo.<\/td><\/tr><tr><td><strong>Maio a julho<\/strong> (Primavera e in\u00edcio do ver\u00e3o)<\/td><td>C\u00e9u limpo, mar calmo, vento mais suave e temperaturas a rondar 27 \u00b0C<\/td><td>M\u00e9dio<\/td><td>Moderados<\/td><td>Excelente equil\u00edbrio para praia e mergulho com menos lota\u00e7\u00e3o nos areais.<\/td><\/tr><tr><td><strong>Agosto a outubro<\/strong> (\u00c9poca das chuvas \/ Calor)<\/td><td>Mais quente e h\u00famido (28 \u00b0C a 31 \u00b0C), aguaceiros ocasionais<\/td><td>M\u00e9dio\/Baixo (exceto agosto com emigrantes)<\/td><td>Acess\u00edveis<\/td><td>As ilhas montanhosas ganham tons verdejantes espetaculares; in\u00edcio da \u00e9poca de desova de tartarugas.<\/td><\/tr><\/tbody><\/table><\/figure>\n\n\n\n<p>A nossa recomenda\u00e7\u00e3o editorial para a <strong>melhor altura para ir a Cabo Verde<\/strong> situa-se entre novembro e maio para quem procura sol consistente e desportos n\u00e1uticos. Se o objetivo for caminhadas em Santo Ant\u00e3o ou Santiago, os <strong>melhores meses para ir a Cabo Verde<\/strong> com os vales verdejantes e temperaturas agrad\u00e1veis v\u00e3o de outubro a janeiro.<\/p>\n\n\n\n<p>Para quem pretende viajar na primavera europeia, pode tamb\u00e9m inspirar-se nas nossas sugest\u00f5es de <a href=\"https:\/\/esim.holafly.com\/pt\/dicas-de-viagem\/onde-viajar-marco\/\" target=\"_blank\" rel=\"noreferrer noopener\">destinos para viajar em mar\u00e7o<\/a>, altura em que o clima cabo-verdiano se encontra bastante est\u00e1vel.<\/p>\n\n\n\n<h2 class=\"wp-block-heading\"><span class=\"ez-toc-section\" id=\"Nao_se_esqueca_destas_dicas_praticas\"><\/span>N\u00e3o se esque\u00e7a destas dicas pr\u00e1ticas<span class=\"ez-toc-section-end\"><\/span><\/h2>\n\n\n\n<ul class=\"wp-block-list\">\n<li><strong>Taxa de seguran\u00e7a aeroportu\u00e1ria (TSA):<\/strong> cidad\u00e3os portugueses e da Uni\u00e3o Europeia est\u00e3o isentos de visto para estadias de curta dura\u00e7\u00e3o at\u00e9 30 dias, mas devem efetuar o pr\u00e9-registo na plataforma governamental EASE at\u00e9 cinco dias antes da partida e pagar a Taxa de Seguran\u00e7a Aeroportu\u00e1ria (~31,00 \u20ac \/ 3.400 CVE).<\/li>\n\n\n\n<li><strong>Dinheiro e cart\u00f5es:<\/strong> os cart\u00f5es internacionais Visa e Mastercard s\u00e3o aceites em grandes unidades hoteleiras e restaurantes nas ilhas do Sal e de Santiago. Contudo, em mercearias, feiras, t\u00e1xis e pens\u00f5es locais, o numer\u00e1rio \u00e9 indispens\u00e1vel. As caixas multibanco da rede Vinti4 funcionam nas principais vilas, mas podem ficar sem notas nos fins de semana. O euro \u00e9 amplamente aceite no com\u00e9rcio do Sal e da Boa Vista, embora o troco seja frequentemente devolvido em escudos a uma taxa fixa aproximada de 1 \u20ac = 100 CVE.<\/li>\n\n\n\n<li><strong>Seguran\u00e7a geral:<\/strong> o pa\u00eds \u00e9 geralmente tranquilo e seguro para viajantes. Como em qualquer destino urbano, nos centros da Praia e do Mindelo evite caminhar sozinho por ruelas mal iluminadas \u00e0 noite com objetos de valor \u00e0 vista.<\/li>\n\n\n\n<li><strong>Bagagem para voos internos:<\/strong> as companhias a\u00e9reas dom\u00e9sticas t\u00eam limites rigorosos de bagagem de m\u00e3o e por\u00e3o (habitualmente 20 a 23 kg no por\u00e3o e 6 a 8 kg na cabine). Se fizer travessias mar\u00edtimas para Santo Ant\u00e3o, pode transportar malas de tamanho normal sem restri\u00e7\u00f5es complicadas.<\/li>\n<\/ul>\n\n\n\n<h3 class=\"wp-block-heading\">Internet em Cabo Verde<\/h3>\n\n\n\n<p>Dispor de liga\u00e7\u00e3o m\u00f3vel \u00e0 internet durante a estadia em Cabo Verde facilita a orienta\u00e7\u00e3o por mapas com GPS, a consulta de hor\u00e1rios mar\u00edtimos da CV Interilhas, a comunica\u00e7\u00e3o por WhatsApp com guias e alojamentos e a pesquisa de restaurantes locais.<\/p>\n\n\n\n<p>O arquip\u00e9lago situa-se fora do espa\u00e7o econ\u00f3mico europeu, pelo que o roaming dos operadores portugueses acarreta tarifas avultadas por cada megabyte consumido. Embora possa comprar um cart\u00e3o SIM f\u00edsico \u00e0 chegada no aeroporto com apresenta\u00e7\u00e3o de passaporte, a instala\u00e7\u00e3o pr\u00e9via de um cart\u00e3o digital poupa tempo \u00e0 chegada.<\/p>\n\n\n\n  <div class=\"sidebar-blog banners-blog-wide invert-banner\">\n    <div\n      class=\"sidebar-blog-widget text-color-white \"\n              style=\"background-color: #E12B57\" >\n      <div>\n                              <div class=\"illustration\">\n              <img decoding=\"async\" src=\"https:\/\/media.holafly.com\/sites\/1\/2024\/11\/sammy-line-come-back-later-CTA-illustration.svg\" alt=\"\">\n            <\/div>\n                        <\/div>\n      <div>\n                  <div class=\"title\">\n            <p>Viaje mais tranquilo<\/p>\n          <\/div>\n                          <div class=\"description\">\n            <br>Configure seu eSIM antes da sua viagem e obtenha dados ilimitados ao desembarcar.<br>          <\/div>\n                                              <button class=\"btn-primary-l cta-primary\">\n              <a target=\"_blank\" href=\"https:\/\/esim.holafly.com\/pt\/shop\/\">Compre seu eSIM<\/a>            <\/button>\n                                <\/div>\n    <\/div>\n  <\/div>\n  \n\n\n\n<h2 class=\"wp-block-heading\"><span class=\"ez-toc-section\" id=\"Perguntas_frequentes\"><\/span>Perguntas frequentes<span class=\"ez-toc-section-end\"><\/span><\/h2>\n\n\n\n<h3 class=\"wp-block-heading\">Qual \u00e9 a melhor ilha de Cabo Verde para visitar pela primeira vez?<\/h3>\n\n\n\n<p>Para uma primeira visita focada em descanso, praias de areia branca e infraestrutura de hot\u00e9is, a Ilha do Sal ou a Boa Vista s\u00e3o as op\u00e7\u00f5es mais simples. Se prefere cultura, hist\u00f3ria, contacto comunit\u00e1rio e caminhadas de montanha, o itiner\u00e1rio combinado de S\u00e3o Vicente e Santo Ant\u00e3o oferece a experi\u00eancia mais completa e aut\u00eantica.<\/p>\n\n\n\n<h3 class=\"wp-block-heading\">O que visitar em Cabo Verde na Ilha do Sal?<\/h3>\n\n\n\n<p>Os pontos imperd\u00edveis no Sal incluem o banho nas Salinas de Pedra de Lume, a observa\u00e7\u00e3o do Olho Azul na Buracona, o ambiente piscat\u00f3rio no Pont\u00e3o de Santa Maria e os areais de Kite Beach e Ponta Preta.<\/p>\n\n\n\n<h3 class=\"wp-block-heading\">Quantos dias s\u00e3o necess\u00e1rios para conhecer Cabo Verde?<\/h3>\n\n\n\n<p>Para uma \u00fanica ilha (como o Sal ou a Boa Vista), 7 dias s\u00e3o suficientes para descansar e conhecer os principais pontos de interesse. Para combinar duas ou tr\u00eas ilhas com realidades distintas (como Santiago e Fogo, ou S\u00e3o Vicente e Santo Ant\u00e3o), recomendamos uma viagem de 10 a 14 dias.<\/p>\n\n\n\n<h3 class=\"wp-block-heading\">\u00c9 f\u00e1cil viajar entre as ilhas de Cabo Verde?<\/h3>\n\n\n\n<p>A desloca\u00e7\u00e3o entre ilhas depende do itiner\u00e1rio escolhido. A liga\u00e7\u00e3o di\u00e1ria de ferry de 60 minutos entre S\u00e3o Vicente e Santo Ant\u00e3o \u00e9 muito regular e fi\u00e1vel. Para transitar entre as restantes ilhas, o avi\u00e3o \u00e9 a op\u00e7\u00e3o mais recomendada, embora os voos internos devam ser reservados com bastante anteced\u00eancia devido \u00e0 procura e lugares limitados.<\/p>\n","protected":false},"excerpt":{"rendered":"<p>Planeia viajar para Cabo Verde? Conhe\u00e7a os locais imperd\u00edveis, tesouros escondidos, custos reais, como se deslocar entre ilhas e a melhor altura para marcar as suas f\u00e9rias. <\/p>\n","protected":false},"author":492,"featured_media":209903,"comment_status":"open","ping_status":"open","sticky":false,"template":"","format":"standard","meta":{"_acf_changed":false,"footnotes":""},"categories":[360],"tags":[],"class_list":["post-209896","post","type-post","status-publish","format-standard","has-post-thumbnail","hentry","category-dicas-de-viagem"],"acf":[],"yoast_head":"<!-- This site is optimized with the Yoast SEO plugin v27.4 - https:\/\/yoast.com\/product\/yoast-seo-wordpress\/ -->\n<title>Cabo Verde: o que visitar e fazer + dicas de viagem - Holafly<\/title>\n<meta name=\"description\" content=\"Descubra o que visitar em Cabo Verde com este guia: praias, trilhos em Santo Ant\u00e3o, cultura em S\u00e3o Vicente, pre\u00e7os e transportes.\" \/>\n<meta name=\"robots\" content=\"index, follow, max-snippet:-1, max-image-preview:large, max-video-preview:-1\" \/>\n<link rel=\"canonical\" href=\"https:\/\/esim.holafly.com\/pt\/dicas-de-viagem\/cabo-verde-o-que-visitar\/\" \/>\n<meta property=\"og:locale\" content=\"pt_PT\" \/>\n<meta property=\"og:type\" content=\"article\" \/>\n<meta property=\"og:title\" content=\"Cabo Verde: o que visitar e fazer + dicas de viagem - Holafly\" \/>\n<meta property=\"og:description\" content=\"Descubra o que visitar em Cabo Verde com este guia: praias, trilhos em Santo Ant\u00e3o, cultura em S\u00e3o Vicente, pre\u00e7os e transportes.\" \/>\n<meta property=\"og:url\" content=\"https:\/\/esim.holafly.com\/pt\/dicas-de-viagem\/cabo-verde-o-que-visitar\/\" \/>\n<meta property=\"og:site_name\" content=\"Holafly\" \/>\n<meta property=\"article:published_time\" content=\"2026-08-31T20:31:43+00:00\" \/>\n<meta property=\"article:modified_time\" content=\"2026-08-31T20:31:45+00:00\" \/>\n<meta property=\"og:image\" content=\"https:\/\/media.holafly.com\/sites\/27\/2026\/08\/cabo-verde-o-que-visitar.jpg\" \/>\n\t<meta property=\"og:image:width\" content=\"1920\" \/>\n\t<meta property=\"og:image:height\" content=\"1080\" \/>\n\t<meta property=\"og:image:type\" content=\"image\/jpeg\" \/>\n<meta name=\"author\" content=\"Ruben Gomes\" \/>\n<meta name=\"twitter:label1\" content=\"Escrito por\" \/>\n\t<meta name=\"twitter:data1\" content=\"Ruben Gomes\" \/>\n\t<meta name=\"twitter:label2\" content=\"Tempo estimado de leitura\" \/>\n\t<meta name=\"twitter:data2\" content=\"21 minutos\" \/>\n<script type=\"application\/ld+json\" class=\"yoast-schema-graph\">{\"@context\":\"https:\\\/\\\/schema.org\",\"@graph\":[{\"@type\":\"Article\",\"@id\":\"https:\\\/\\\/esim.holafly.com\\\/pt\\\/dicas-de-viagem\\\/cabo-verde-o-que-visitar\\\/#article\",\"isPartOf\":{\"@id\":\"https:\\\/\\\/esim.holafly.com\\\/pt\\\/dicas-de-viagem\\\/cabo-verde-o-que-visitar\\\/\"},\"author\":{\"name\":\"Ruben Gomes\",\"@id\":\"https:\\\/\\\/esim.holafly.com\\\/pt\\\/#\\\/schema\\\/person\\\/8c01167aaecd9fc5430ba6e30d5957a3\"},\"headline\":\"Cabo Verde: o que visitar, o que fazer, as melhores praias e dicas de viagem\",\"datePublished\":\"2026-08-31T20:31:43+00:00\",\"dateModified\":\"2026-08-31T20:31:45+00:00\",\"mainEntityOfPage\":{\"@id\":\"https:\\\/\\\/esim.holafly.com\\\/pt\\\/dicas-de-viagem\\\/cabo-verde-o-que-visitar\\\/\"},\"wordCount\":3650,\"commentCount\":0,\"publisher\":{\"@id\":\"https:\\\/\\\/esim.holafly.com\\\/pt\\\/#organization\"},\"image\":{\"@id\":\"https:\\\/\\\/esim.holafly.com\\\/pt\\\/dicas-de-viagem\\\/cabo-verde-o-que-visitar\\\/#primaryimage\"},\"thumbnailUrl\":\"https:\\\/\\\/media.holafly.com\\\/sites\\\/27\\\/2026\\\/08\\\/cabo-verde-o-que-visitar.jpg\",\"articleSection\":[\"Dicas de viagem\"],\"inLanguage\":\"pt-PT\",\"potentialAction\":[{\"@type\":\"CommentAction\",\"name\":\"Comment\",\"target\":[\"https:\\\/\\\/esim.holafly.com\\\/pt\\\/dicas-de-viagem\\\/cabo-verde-o-que-visitar\\\/#respond\"]}]},{\"@type\":\"WebPage\",\"@id\":\"https:\\\/\\\/esim.holafly.com\\\/pt\\\/dicas-de-viagem\\\/cabo-verde-o-que-visitar\\\/\",\"url\":\"https:\\\/\\\/esim.holafly.com\\\/pt\\\/dicas-de-viagem\\\/cabo-verde-o-que-visitar\\\/\",\"name\":\"Cabo Verde: o que visitar e fazer + dicas de viagem - Holafly\",\"isPartOf\":{\"@id\":\"https:\\\/\\\/esim.holafly.com\\\/pt\\\/#website\"},\"primaryImageOfPage\":{\"@id\":\"https:\\\/\\\/esim.holafly.com\\\/pt\\\/dicas-de-viagem\\\/cabo-verde-o-que-visitar\\\/#primaryimage\"},\"image\":{\"@id\":\"https:\\\/\\\/esim.holafly.com\\\/pt\\\/dicas-de-viagem\\\/cabo-verde-o-que-visitar\\\/#primaryimage\"},\"thumbnailUrl\":\"https:\\\/\\\/media.holafly.com\\\/sites\\\/27\\\/2026\\\/08\\\/cabo-verde-o-que-visitar.jpg\",\"datePublished\":\"2026-08-31T20:31:43+00:00\",\"dateModified\":\"2026-08-31T20:31:45+00:00\",\"description\":\"Descubra o que visitar em Cabo Verde com este guia: praias, trilhos em Santo Ant\u00e3o, cultura em S\u00e3o Vicente, pre\u00e7os e transportes.\",\"breadcrumb\":{\"@id\":\"https:\\\/\\\/esim.holafly.com\\\/pt\\\/dicas-de-viagem\\\/cabo-verde-o-que-visitar\\\/#breadcrumb\"},\"inLanguage\":\"pt-PT\",\"potentialAction\":[{\"@type\":\"ReadAction\",\"target\":[\"https:\\\/\\\/esim.holafly.com\\\/pt\\\/dicas-de-viagem\\\/cabo-verde-o-que-visitar\\\/\"]}]},{\"@type\":\"ImageObject\",\"inLanguage\":\"pt-PT\",\"@id\":\"https:\\\/\\\/esim.holafly.com\\\/pt\\\/dicas-de-viagem\\\/cabo-verde-o-que-visitar\\\/#primaryimage\",\"url\":\"https:\\\/\\\/media.holafly.com\\\/sites\\\/27\\\/2026\\\/08\\\/cabo-verde-o-que-visitar.jpg\",\"contentUrl\":\"https:\\\/\\\/media.holafly.com\\\/sites\\\/27\\\/2026\\\/08\\\/cabo-verde-o-que-visitar.jpg\",\"width\":1920,\"height\":1080},{\"@type\":\"BreadcrumbList\",\"@id\":\"https:\\\/\\\/esim.holafly.com\\\/pt\\\/dicas-de-viagem\\\/cabo-verde-o-que-visitar\\\/#breadcrumb\",\"itemListElement\":[{\"@type\":\"ListItem\",\"position\":1,\"name\":\"Home\",\"item\":\"https:\\\/\\\/esim.holafly.com\\\/pt\\\/\"},{\"@type\":\"ListItem\",\"position\":2,\"name\":\"Cabo Verde: o que visitar, o que fazer, as melhores praias e dicas de viagem\"}]},{\"@type\":\"WebSite\",\"@id\":\"https:\\\/\\\/esim.holafly.com\\\/pt\\\/#website\",\"url\":\"https:\\\/\\\/esim.holafly.com\\\/pt\\\/\",\"name\":\"Holafly\",\"description\":\"eSIM internacional (chip virtual) para quem viaja\",\"publisher\":{\"@id\":\"https:\\\/\\\/esim.holafly.com\\\/pt\\\/#organization\"},\"alternateName\":\"Holafly eSIM\",\"potentialAction\":[{\"@type\":\"SearchAction\",\"target\":{\"@type\":\"EntryPoint\",\"urlTemplate\":\"https:\\\/\\\/esim.holafly.com\\\/pt\\\/?s={search_term_string}\"},\"query-input\":{\"@type\":\"PropertyValueSpecification\",\"valueRequired\":true,\"valueName\":\"search_term_string\"}}],\"inLanguage\":\"pt-PT\"},{\"@type\":\"Organization\",\"@id\":\"https:\\\/\\\/esim.holafly.com\\\/pt\\\/#organization\",\"name\":\"Holafly, S.L\",\"alternateName\":\"Holafly\",\"url\":\"https:\\\/\\\/esim.holafly.com\\\/pt\\\/\",\"logo\":{\"@type\":\"ImageObject\",\"inLanguage\":\"pt-PT\",\"@id\":\"https:\\\/\\\/esim.holafly.com\\\/pt\\\/#\\\/schema\\\/logo\\\/image\\\/\",\"url\":\"https:\\\/\\\/media.holafly.com\\\/sites\\\/27\\\/2023\\\/05\\\/logo-holafly-relacion-aspecto-1-1.png\",\"contentUrl\":\"https:\\\/\\\/media.holafly.com\\\/sites\\\/27\\\/2023\\\/05\\\/logo-holafly-relacion-aspecto-1-1.png\",\"width\":929,\"height\":803,\"caption\":\"Holafly, S.L\"},\"image\":{\"@id\":\"https:\\\/\\\/esim.holafly.com\\\/pt\\\/#\\\/schema\\\/logo\\\/image\\\/\"}},{\"@type\":\"Person\",\"@id\":\"https:\\\/\\\/esim.holafly.com\\\/pt\\\/#\\\/schema\\\/person\\\/8c01167aaecd9fc5430ba6e30d5957a3\",\"name\":\"Ruben Gomes\",\"image\":{\"@type\":\"ImageObject\",\"inLanguage\":\"pt-PT\",\"@id\":\"https:\\\/\\\/secure.gravatar.com\\\/avatar\\\/e6b359cdf47224c05c04443cc8653dbdd142ff7a4021e30a3072039b747f15d3?s=96&d=https%3A%2F%2Fesim.holafly.com%2Fpt%2Fwp-content%2Fuploads%2Fsites%2F27%2F2024%2F01%2Fgravatar-logo-holafly-min.jpg&r=g\",\"url\":\"https:\\\/\\\/secure.gravatar.com\\\/avatar\\\/e6b359cdf47224c05c04443cc8653dbdd142ff7a4021e30a3072039b747f15d3?s=96&d=https%3A%2F%2Fesim.holafly.com%2Fpt%2Fwp-content%2Fuploads%2Fsites%2F27%2F2024%2F01%2Fgravatar-logo-holafly-min.jpg&r=g\",\"contentUrl\":\"https:\\\/\\\/secure.gravatar.com\\\/avatar\\\/e6b359cdf47224c05c04443cc8653dbdd142ff7a4021e30a3072039b747f15d3?s=96&d=https%3A%2F%2Fesim.holafly.com%2Fpt%2Fwp-content%2Fuploads%2Fsites%2F27%2F2024%2F01%2Fgravatar-logo-holafly-min.jpg&r=g\",\"caption\":\"Ruben Gomes\"},\"description\":\"Ol\u00e1 ol\u00e1!\u00a0Sou Portugu\u00eas, escritor e tradutor de PT\\\/EN, com 10 anos de experi\u00eancia na \u00e1rea! Al\u00e9m da linguagem e da comunica\u00e7\u00e3o, a minha paix\u00e3o \u00e9 viajar; \u00e9 sem d\u00favida aquilo que mais engrandece a minha alma. Adoro descobrir novas culturas e estou sempre pronto para partilhar dicas pr\u00e1ticas que facilitem as vossas pr\u00f3ximas viagens. Gosto muito de hist\u00f3ria e bons filmes. Juntando a isto jogos de tabuleiro e conjuntos de Lego, podem chamar-me um geek dos tempos modernos. Se precisarem de servi\u00e7os lingu\u00edsticos profissionais, de inspira\u00e7\u00e3o para viajar ou apenas de algu\u00e9m para conversar de forma descontra\u00edda, contem comigo!\",\"url\":\"https:\\\/\\\/esim.holafly.com\\\/pt\\\/author\\\/rubengomes\\\/\"}]}<\/script>\n<!-- \/ Yoast SEO plugin. -->","yoast_head_json":{"title":"Cabo Verde: o que visitar e fazer + dicas de viagem - Holafly","description":"Descubra o que visitar em Cabo Verde com este guia: praias, trilhos em Santo Ant\u00e3o, cultura em S\u00e3o Vicente, pre\u00e7os e transportes.","robots":{"index":"index","follow":"follow","max-snippet":"max-snippet:-1","max-image-preview":"max-image-preview:large","max-video-preview":"max-video-preview:-1"},"canonical":"https:\/\/esim.holafly.com\/pt\/dicas-de-viagem\/cabo-verde-o-que-visitar\/","og_locale":"pt_PT","og_type":"article","og_title":"Cabo Verde: o que visitar e fazer + dicas de viagem - Holafly","og_description":"Descubra o que visitar em Cabo Verde com este guia: praias, trilhos em Santo Ant\u00e3o, cultura em S\u00e3o Vicente, pre\u00e7os e transportes.","og_url":"https:\/\/esim.holafly.com\/pt\/dicas-de-viagem\/cabo-verde-o-que-visitar\/","og_site_name":"Holafly","article_published_time":"2026-08-31T20:31:43+00:00","article_modified_time":"2026-08-31T20:31:45+00:00","og_image":[{"width":1920,"height":1080,"url":"https:\/\/media.holafly.com\/sites\/27\/2026\/08\/cabo-verde-o-que-visitar.jpg","type":"image\/jpeg"}],"author":"Ruben Gomes","twitter_misc":{"Escrito por":"Ruben Gomes","Tempo estimado de leitura":"21 minutos"},"schema":{"@context":"https:\/\/schema.org","@graph":[{"@type":"Article","@id":"https:\/\/esim.holafly.com\/pt\/dicas-de-viagem\/cabo-verde-o-que-visitar\/#article","isPartOf":{"@id":"https:\/\/esim.holafly.com\/pt\/dicas-de-viagem\/cabo-verde-o-que-visitar\/"},"author":{"name":"Ruben Gomes","@id":"https:\/\/esim.holafly.com\/pt\/#\/schema\/person\/8c01167aaecd9fc5430ba6e30d5957a3"},"headline":"Cabo Verde: o que visitar, o que fazer, as melhores praias e dicas de viagem","datePublished":"2026-08-31T20:31:43+00:00","dateModified":"2026-08-31T20:31:45+00:00","mainEntityOfPage":{"@id":"https:\/\/esim.holafly.com\/pt\/dicas-de-viagem\/cabo-verde-o-que-visitar\/"},"wordCount":3650,"commentCount":0,"publisher":{"@id":"https:\/\/esim.holafly.com\/pt\/#organization"},"image":{"@id":"https:\/\/esim.holafly.com\/pt\/dicas-de-viagem\/cabo-verde-o-que-visitar\/#primaryimage"},"thumbnailUrl":"https:\/\/media.holafly.com\/sites\/27\/2026\/08\/cabo-verde-o-que-visitar.jpg","articleSection":["Dicas de viagem"],"inLanguage":"pt-PT","potentialAction":[{"@type":"CommentAction","name":"Comment","target":["https:\/\/esim.holafly.com\/pt\/dicas-de-viagem\/cabo-verde-o-que-visitar\/#respond"]}]},{"@type":"WebPage","@id":"https:\/\/esim.holafly.com\/pt\/dicas-de-viagem\/cabo-verde-o-que-visitar\/","url":"https:\/\/esim.holafly.com\/pt\/dicas-de-viagem\/cabo-verde-o-que-visitar\/","name":"Cabo Verde: o que visitar e fazer + dicas de viagem - Holafly","isPartOf":{"@id":"https:\/\/esim.holafly.com\/pt\/#website"},"primaryImageOfPage":{"@id":"https:\/\/esim.holafly.com\/pt\/dicas-de-viagem\/cabo-verde-o-que-visitar\/#primaryimage"},"image":{"@id":"https:\/\/esim.holafly.com\/pt\/dicas-de-viagem\/cabo-verde-o-que-visitar\/#primaryimage"},"thumbnailUrl":"https:\/\/media.holafly.com\/sites\/27\/2026\/08\/cabo-verde-o-que-visitar.jpg","datePublished":"2026-08-31T20:31:43+00:00","dateModified":"2026-08-31T20:31:45+00:00","description":"Descubra o que visitar em Cabo Verde com este guia: praias, trilhos em Santo Ant\u00e3o, cultura em S\u00e3o Vicente, pre\u00e7os e transportes.","breadcrumb":{"@id":"https:\/\/esim.holafly.com\/pt\/dicas-de-viagem\/cabo-verde-o-que-visitar\/#breadcrumb"},"inLanguage":"pt-PT","potentialAction":[{"@type":"ReadAction","target":["https:\/\/esim.holafly.com\/pt\/dicas-de-viagem\/cabo-verde-o-que-visitar\/"]}]},{"@type":"ImageObject","inLanguage":"pt-PT","@id":"https:\/\/esim.holafly.com\/pt\/dicas-de-viagem\/cabo-verde-o-que-visitar\/#primaryimage","url":"https:\/\/media.holafly.com\/sites\/27\/2026\/08\/cabo-verde-o-que-visitar.jpg","contentUrl":"https:\/\/media.holafly.com\/sites\/27\/2026\/08\/cabo-verde-o-que-visitar.jpg","width":1920,"height":1080},{"@type":"BreadcrumbList","@id":"https:\/\/esim.holafly.com\/pt\/dicas-de-viagem\/cabo-verde-o-que-visitar\/#breadcrumb","itemListElement":[{"@type":"ListItem","position":1,"name":"Home","item":"https:\/\/esim.holafly.com\/pt\/"},{"@type":"ListItem","position":2,"name":"Cabo Verde: o que visitar, o que fazer, as melhores praias e dicas de viagem"}]},{"@type":"WebSite","@id":"https:\/\/esim.holafly.com\/pt\/#website","url":"https:\/\/esim.holafly.com\/pt\/","name":"Holafly","description":"eSIM internacional (chip virtual) para quem viaja","publisher":{"@id":"https:\/\/esim.holafly.com\/pt\/#organization"},"alternateName":"Holafly eSIM","potentialAction":[{"@type":"SearchAction","target":{"@type":"EntryPoint","urlTemplate":"https:\/\/esim.holafly.com\/pt\/?s={search_term_string}"},"query-input":{"@type":"PropertyValueSpecification","valueRequired":true,"valueName":"search_term_string"}}],"inLanguage":"pt-PT"},{"@type":"Organization","@id":"https:\/\/esim.holafly.com\/pt\/#organization","name":"Holafly, S.L","alternateName":"Holafly","url":"https:\/\/esim.holafly.com\/pt\/","logo":{"@type":"ImageObject","inLanguage":"pt-PT","@id":"https:\/\/esim.holafly.com\/pt\/#\/schema\/logo\/image\/","url":"https:\/\/media.holafly.com\/sites\/27\/2023\/05\/logo-holafly-relacion-aspecto-1-1.png","contentUrl":"https:\/\/media.holafly.com\/sites\/27\/2023\/05\/logo-holafly-relacion-aspecto-1-1.png","width":929,"height":803,"caption":"Holafly, S.L"},"image":{"@id":"https:\/\/esim.holafly.com\/pt\/#\/schema\/logo\/image\/"}},{"@type":"Person","@id":"https:\/\/esim.holafly.com\/pt\/#\/schema\/person\/8c01167aaecd9fc5430ba6e30d5957a3","name":"Ruben Gomes","image":{"@type":"ImageObject","inLanguage":"pt-PT","@id":"https:\/\/secure.gravatar.com\/avatar\/e6b359cdf47224c05c04443cc8653dbdd142ff7a4021e30a3072039b747f15d3?s=96&d=https%3A%2F%2Fesim.holafly.com%2Fpt%2Fwp-content%2Fuploads%2Fsites%2F27%2F2024%2F01%2Fgravatar-logo-holafly-min.jpg&r=g","url":"https:\/\/secure.gravatar.com\/avatar\/e6b359cdf47224c05c04443cc8653dbdd142ff7a4021e30a3072039b747f15d3?s=96&d=https%3A%2F%2Fesim.holafly.com%2Fpt%2Fwp-content%2Fuploads%2Fsites%2F27%2F2024%2F01%2Fgravatar-logo-holafly-min.jpg&r=g","contentUrl":"https:\/\/secure.gravatar.com\/avatar\/e6b359cdf47224c05c04443cc8653dbdd142ff7a4021e30a3072039b747f15d3?s=96&d=https%3A%2F%2Fesim.holafly.com%2Fpt%2Fwp-content%2Fuploads%2Fsites%2F27%2F2024%2F01%2Fgravatar-logo-holafly-min.jpg&r=g","caption":"Ruben Gomes"},"description":"Ol\u00e1 ol\u00e1!\u00a0Sou Portugu\u00eas, escritor e tradutor de PT\/EN, com 10 anos de experi\u00eancia na \u00e1rea! Al\u00e9m da linguagem e da comunica\u00e7\u00e3o, a minha paix\u00e3o \u00e9 viajar; \u00e9 sem d\u00favida aquilo que mais engrandece a minha alma. Adoro descobrir novas culturas e estou sempre pronto para partilhar dicas pr\u00e1ticas que facilitem as vossas pr\u00f3ximas viagens. Gosto muito de hist\u00f3ria e bons filmes. Juntando a isto jogos de tabuleiro e conjuntos de Lego, podem chamar-me um geek dos tempos modernos. Se precisarem de servi\u00e7os lingu\u00edsticos profissionais, de inspira\u00e7\u00e3o para viajar ou apenas de algu\u00e9m para conversar de forma descontra\u00edda, contem comigo!","url":"https:\/\/esim.holafly.com\/pt\/author\/rubengomes\/"}]}},"featured_image_src":"https:\/\/media.holafly.com\/sites\/27\/2026\/08\/cabo-verde-o-que-visitar-600x400.jpg","featured_image_src_square":"https:\/\/media.holafly.com\/sites\/27\/2026\/08\/cabo-verde-o-que-visitar-600x600.jpg","author_info":{"display_name":"Ruben Gomes","author_link":"https:\/\/esim.holafly.com\/pt\/author\/rubengomes\/"},"_links":{"self":[{"href":"https:\/\/esim.holafly.com\/pt\/wp-json\/wp\/v2\/posts\/209896","targetHints":{"allow":["GET"]}}],"collection":[{"href":"https:\/\/esim.holafly.com\/pt\/wp-json\/wp\/v2\/posts"}],"about":[{"href":"https:\/\/esim.holafly.com\/pt\/wp-json\/wp\/v2\/types\/post"}],"author":[{"embeddable":true,"href":"https:\/\/esim.holafly.com\/pt\/wp-json\/wp\/v2\/users\/492"}],"replies":[{"embeddable":true,"href":"https:\/\/esim.holafly.com\/pt\/wp-json\/wp\/v2\/comments?post=209896"}],"version-history":[{"count":3,"href":"https:\/\/esim.holafly.com\/pt\/wp-json\/wp\/v2\/posts\/209896\/revisions"}],"predecessor-version":[{"id":209933,"href":"https:\/\/esim.holafly.com\/pt\/wp-json\/wp\/v2\/posts\/209896\/revisions\/209933"}],"wp:featuredmedia":[{"embeddable":true,"href":"https:\/\/esim.holafly.com\/pt\/wp-json\/wp\/v2\/media\/209903"}],"wp:attachment":[{"href":"https:\/\/esim.holafly.com\/pt\/wp-json\/wp\/v2\/media?parent=209896"}],"wp:term":[{"taxonomy":"category","embeddable":true,"href":"https:\/\/esim.holafly.com\/pt\/wp-json\/wp\/v2\/categories?post=209896"},{"taxonomy":"post_tag","embeddable":true,"href":"https:\/\/esim.holafly.com\/pt\/wp-json\/wp\/v2\/tags?post=209896"}],"curies":[{"name":"wp","href":"https:\/\/api.w.org\/{rel}","templated":true}]}}