{"id":236340,"date":"2026-03-29T10:03:06","date_gmt":"2026-03-29T10:03:06","guid":{"rendered":"https:\/\/esim.holafly.com\/pl\/?p=236340"},"modified":"2026-03-29T10:04:59","modified_gmt":"2026-03-29T10:04:59","slug":"madera-kiedy-jechac","status":"publish","type":"post","link":"https:\/\/esim.holafly.com\/pl\/blog\/madera-kiedy-jechac\/","title":{"rendered":"Kiedy lecie\u0107 na Mader\u0119? Najlepszy czas na wyjazd"},"content":{"rendered":"\n<p><strong>Planujesz urlop i zastanawiasz si\u0119, kiedy na Mader\u0119? Najlepszy czas na wyjazd to zwykle okres od maja do pa\u017adziernika<\/strong>, kiedy pogoda jest najbardziej stabilna, dni s\u0105 d\u0142ugie, a opad\u00f3w jest mniej ni\u017c zim\u0105 \ud83c\udf1e.&nbsp;<\/p>\n\n\n\n<p>Jednocze\u015bnie Madera to kierunek ca\u0142oroczny; r\u00f3\u017cnica mi\u0119dzy najch\u0142odniejszym a najcieplejszym miesi\u0105cem wynosi zazwyczaj tylko oko\u0142o <strong>7\u20138\u00b0C<\/strong>, wi\u0119c nawet poza sezonem mo\u017cna komfortowo zwiedza\u0107 wysp\u0119. Najwi\u0119cej deszczu pojawia si\u0119 przewa\u017cnie od <strong>listopada do lutego<\/strong>, a najbardziej sucho i s\u0142onecznie bywa latem.&nbsp;<\/p>\n\n\n\n<p>Przygotowali\u015bmy <strong>szczeg\u00f3\u0142owy przegl\u0105d Madery miesi\u0105c po miesi\u0105cu<\/strong>, w kt\u00f3rym znajdziesz informacje o nas\u0142onecznieniu, temperaturach, opadach, kosztach wzgl\u0119dem innych miesi\u0119cy i najwa\u017cniejszych wydarzeniach. Sprawd\u017a, <strong>kiedy najlepiej jecha\u0107 na Mader\u0119!&nbsp;<\/strong><\/p>\n\n\n\n  <div class=\"sidebar-blog banners-blog-wide invert-banner\">\n    <div\n      class=\"sidebar-blog-widget text-color-white \"\n              style=\"background-color: #E12B57\" >\n      <div>\n                              <div class=\"illustration\">\n              <img decoding=\"async\" src=\"https:\/\/media.holafly.com\/sites\/1\/2024\/11\/sammy-line-come-back-later-CTA-illustration.svg\" alt=\"\">\n            <\/div>\n                        <\/div>\n      <div>\n                  <div class=\"title\">\n            <p>Spokojna podr\u00f3\u017c z Holafly<\/p>\n          <\/div>\n                          <div class=\"description\">\n            <br>Aktywuj kart\u0119 eSIM przed podr\u00f3\u017c\u0105 na Mader\u0119 i ciesz si\u0119 internetem bez limitu od pierwszego dnia na Dominikanie.<br>          <\/div>\n                                              <button class=\"btn-primary-l cta-primary\">\n              <a target=\"_blank\" href=\"https:\/\/esim.holafly.com\/pl\/esim-madera\/\">Kup eSIM na Mader\u0119<\/a>            <\/button>\n                                <\/div>\n    <\/div>\n  <\/div>\n  \n\n\n\n<div id=\"ez-toc-container\" class=\"ez-toc-v2_0_82_2 counter-hierarchy ez-toc-counter ez-toc-grey ez-toc-container-direction\">\n<div class=\"ez-toc-title-container\">\n<p class=\"ez-toc-title\" style=\"cursor:inherit\">Spis tre\u015bci<\/p>\n<span class=\"ez-toc-title-toggle\"><a href=\"#\" class=\"ez-toc-pull-right ez-toc-btn ez-toc-btn-xs ez-toc-btn-default ez-toc-toggle\" aria-label=\"Prze\u0142\u0105cznik Spisu Tre\u015bci\"><span class=\"ez-toc-js-icon-con\"><span class=\"\"><span class=\"eztoc-hide\" style=\"display:none;\">Toggle<\/span><span class=\"ez-toc-icon-toggle-span\"><svg style=\"fill: #999;color:#999\" xmlns=\"http:\/\/www.w3.org\/2000\/svg\" class=\"list-377408\" width=\"20px\" height=\"20px\" viewBox=\"0 0 24 24\" fill=\"none\"><path d=\"M6 6H4v2h2V6zm14 0H8v2h12V6zM4 11h2v2H4v-2zm16 0H8v2h12v-2zM4 16h2v2H4v-2zm16 0H8v2h12v-2z\" fill=\"currentColor\"><\/path><\/svg><svg style=\"fill: #999;color:#999\" class=\"arrow-unsorted-368013\" xmlns=\"http:\/\/www.w3.org\/2000\/svg\" width=\"10px\" height=\"10px\" viewBox=\"0 0 24 24\" version=\"1.2\" baseProfile=\"tiny\"><path d=\"M18.2 9.3l-6.2-6.3-6.2 6.3c-.2.2-.3.4-.3.7s.1.5.3.7c.2.2.4.3.7.3h11c.3 0 .5-.1.7-.3.2-.2.3-.5.3-.7s-.1-.5-.3-.7zM5.8 14.7l6.2 6.3 6.2-6.3c.2-.2.3-.5.3-.7s-.1-.5-.3-.7c-.2-.2-.4-.3-.7-.3h-11c-.3 0-.5.1-.7.3-.2.2-.3.5-.3.7s.1.5.3.7z\"\/><\/svg><\/span><\/span><\/span><\/a><\/span><\/div>\n<nav><ul class='ez-toc-list ez-toc-list-level-1 ' ><li class='ez-toc-page-1 ez-toc-heading-level-2'><a class=\"ez-toc-link ez-toc-heading-1\" href=\"https:\/\/esim.holafly.com\/pl\/blog\/madera-kiedy-jechac\/#Pogoda-na-Maderze-miesiac-po-miesiacu\" >Pogoda na Maderze miesi\u0105c po miesi\u0105cu<\/a><\/li><li class='ez-toc-page-1 ez-toc-heading-level-2'><a class=\"ez-toc-link ez-toc-heading-2\" href=\"https:\/\/esim.holafly.com\/pl\/blog\/madera-kiedy-jechac\/#Kiedy-jest-wysoki-i-niski-sezon-na-Maderze\" >Kiedy jest wysoki i niski sezon na Maderze?<\/a><\/li><li class='ez-toc-page-1 ez-toc-heading-level-2'><a class=\"ez-toc-link ez-toc-heading-3\" href=\"https:\/\/esim.holafly.com\/pl\/blog\/madera-kiedy-jechac\/#Kiedy-jest-pora-deszczowa-na-Maderze\" >Kiedy jest pora deszczowa na Maderze?<\/a><\/li><li class='ez-toc-page-1 ez-toc-heading-level-2'><a class=\"ez-toc-link ez-toc-heading-4\" href=\"https:\/\/esim.holafly.com\/pl\/blog\/madera-kiedy-jechac\/#Najlepszy-czas-na-podroz-na-Madere\" >Najlepszy czas na podr\u00f3\u017c na Mader\u0119<\/a><\/li><li class='ez-toc-page-1 ez-toc-heading-level-2'><a class=\"ez-toc-link ez-toc-heading-5\" href=\"https:\/\/esim.holafly.com\/pl\/blog\/madera-kiedy-jechac\/#Pozostan-online-na-Maderze-z-eSIM-od-Holafly\" >Pozosta\u0144 online na Maderze z eSIM od Holafly<\/a><\/li><li class='ez-toc-page-1 ez-toc-heading-level-2'><a class=\"ez-toc-link ez-toc-heading-6\" href=\"https:\/\/esim.holafly.com\/pl\/blog\/madera-kiedy-jechac\/#Najlepszy-czas-na-Madere-%E2%80%93-FAQ\" >Najlepszy czas na Mader\u0119 \u2013 FAQ<\/a><\/li><\/ul><\/nav><\/div>\n<h2 class=\"wp-block-heading\"><span class=\"ez-toc-section\" id=\"Pogoda-na-Maderze-miesiac-po-miesiacu\"><\/span>Pogoda na Maderze miesi\u0105c po miesi\u0105cu<span class=\"ez-toc-section-end\"><\/span><\/h2>\n\n\n\n<p>Zastanawiasz si\u0119, <strong>kiedy jecha\u0107 na Mader\u0119 i jaka pogoda czeka Ci\u0119 w konkretnych miesi\u0105cach?<\/strong> \ud83c\udf24\ufe0f W kolejnych sekcjach przeanalizujemy ka\u017cdy miesi\u0105c osobno, por\u00f3wnuj\u0105c <strong>temperatur\u0119, opady, liczb\u0119 godzin s\u0142onecznych<\/strong>, a tak\u017ce <strong>ceny (wysoki vs niski sezon)<\/strong> i najwa\u017cniejsze wydarzenia na wyspie. Dzi\u0119ki temu \u0142atwiej zdecydujesz, <strong>kiedy najlepiej jecha\u0107 na Mader\u0119<\/strong> \u2013 niezale\u017cnie od tego, czy planujesz trekking, zwiedzanie czy relaks nad oceanem.<\/p>\n\n\n\n<h3 class=\"wp-block-heading\">Madera \u2013 pogoda w ci\u0105gu roku<\/h3>\n\n\n\n<figure class=\"wp-block-table\"><table class=\"has-fixed-layout\"><thead><tr><th><strong>Miesi\u0105c<\/strong><\/th><th><strong>\u015arednia temperatura<\/strong><\/th><th><strong>\u015arednie opady<\/strong><\/th><th><strong>Godziny s\u0142oneczne<\/strong><\/th><\/tr><\/thead><tbody><tr><td>Stycze\u0144<\/td><td>ok. 18\u00b0C<\/td><td>ok. 90 mm<\/td><td>ok. 150 h<\/td><\/tr><tr><td>Luty<\/td><td>ok. 18\u00b0C<\/td><td>ok. 70 mm<\/td><td>ok. 160 h<\/td><\/tr><tr><td>Marzec<\/td><td>ok. 19\u00b0C<\/td><td>ok. 60 mm<\/td><td>ok. 190 h<\/td><\/tr><tr><td>Kwiecie\u0144<\/td><td>ok. 19\u00b0C<\/td><td>ok. 40 mm<\/td><td>ok. 210 h<\/td><\/tr><tr><td>Maj<\/td><td>ok. 21\u00b0C<\/td><td>ok. 25 mm<\/td><td>ok. 240 h<\/td><\/tr><tr><td>Czerwiec<\/td><td>ok. 22\u00b0C<\/td><td>ok. 10 mm<\/td><td>ok. 260 h<\/td><\/tr><tr><td>Lipiec<\/td><td>ok. 24\u00b0C<\/td><td>ok. 5 mm<\/td><td>ok. 300 h<\/td><\/tr><tr><td>Sierpie\u0144<\/td><td>ok. 25\u00b0C<\/td><td>ok. 5 mm<\/td><td>ok. 290 h<\/td><\/tr><tr><td>Wrzesie\u0144<\/td><td>ok. 25\u00b0C<\/td><td>ok. 20 mm<\/td><td>ok. 240 h<\/td><\/tr><tr><td>Pa\u017adziernik<\/td><td>ok. 23\u00b0C<\/td><td>ok. 70 mm<\/td><td>ok. 200 h<\/td><\/tr><tr><td>Listopad<\/td><td>ok. 21\u00b0C<\/td><td>ok. 80 mm<\/td><td>ok. 170 h<\/td><\/tr><tr><td>Grudzie\u0144<\/td><td>ok. 19\u00b0C<\/td><td>ok. 95 mm<\/td><td>ok. 150 h<\/td><\/tr><\/tbody><\/table><\/figure>\n\n\n\n<p>Jak wida\u0107, <strong>pogoda w Madrze<\/strong> jest bardzo \u0142agodna przez ca\u0142y rok, co sprawia, \u017ce kierunek ten jest \u015bwietny niezale\u017cnie od sezonu; r\u00f3\u017cnice s\u0105 niewielkie, ale wp\u0142ywaj\u0105 na komfort zwiedzania i ceny \u2708\ufe0f.<\/p>\n\n\n\n<h3 class=\"wp-block-heading\">Madera w styczniu<\/h3>\n\n\n\n<p>Stycze\u0144 to spokojny miesi\u0105c na wyspie \u2013 idealny dla os\u00f3b, kt\u00f3re chc\u0105 sprawdzi\u0107, <strong>kiedy jecha\u0107 na Mader\u0119 poza sezonem<\/strong> i unikn\u0105\u0107 t\u0142um\u00f3w \ud83c\udf3f. Pogoda jest \u0142agodna, cho\u0107 bardziej wilgotna ni\u017c latem.<\/p>\n\n\n\n<figure class=\"wp-block-table\"><table class=\"has-fixed-layout\"><thead><tr><th><strong>Cecha<\/strong><\/th><th><strong>Pogoda na Maderze w styczniu<\/strong><\/th><\/tr><\/thead><tbody><tr><td>\u015arednia temperatura<\/td><td>ok. 18\u00b0C<\/td><\/tr><tr><td>\u015arednie opady<\/td><td>ok. 90 mm<\/td><\/tr><tr><td>Godziny s\u0142oneczne<\/td><td>ok. 150 h<\/td><\/tr><tr><td>Koszty<\/td><td>niskie \u2013 poza sezonem<\/td><\/tr><tr><td>Wa\u017cne wydarzenia<\/td><td>Nowy Rok, lokalne festyny<\/td><\/tr><tr><td>Huragany<\/td><td>brak<\/td><\/tr><\/tbody><\/table><\/figure>\n\n\n\n<p>Stycze\u0144 to dobry wyb\u00f3r dla os\u00f3b szukaj\u0105cych <strong>ta\u0144szych wakacji i spokojnego zwiedzania<\/strong>, szczeg\u00f3lnie je\u015bli nie zale\u017cy Ci na pla\u017cowaniu, a bardziej na trekkingu i odkrywaniu natury \ud83c\udf04.<\/p>\n\n\n\n<h3 class=\"wp-block-heading\">Madera w lutym<\/h3>\n\n\n\n<p>Luty to nadal niski sezon, ale pogoda zaczyna si\u0119 stopniowo poprawia\u0107 \u2013 dni s\u0105 nieco d\u0142u\u017csze i bardziej s\u0142oneczne ni\u017c w styczniu \ud83c\udf24\ufe0f. To dobry moment, je\u015bli zastanawiasz si\u0119, <strong>kiedy lecie\u0107 na Mader\u0119 taniej, ale na miejscu wykorzysta\u0107&nbsp;ca\u0142kiem przyjemn\u0105 pogod\u0119<\/strong>.<\/p>\n\n\n\n<figure class=\"wp-block-table\"><table class=\"has-fixed-layout\"><thead><tr><th><strong>Cecha<\/strong><\/th><th><strong>Pogoda na Maderze w lutym<\/strong><\/th><\/tr><\/thead><tbody><tr><td>\u015arednia temperatura<\/td><td>ok. 18\u00b0C<\/td><\/tr><tr><td>\u015arednie opady<\/td><td>ok. 70 mm<\/td><\/tr><tr><td>Godziny s\u0142oneczne<\/td><td>ok. 160 h<\/td><\/tr><tr><td>Koszty<\/td><td>niskie \u2013 poza sezonem<\/td><\/tr><tr><td>Wa\u017cne wydarzenia<\/td><td>Karnawa\u0142 na Maderze \ud83c\udfad<\/td><\/tr><tr><td>Huragany<\/td><td>brak<\/td><\/tr><\/tbody><\/table><\/figure>\n\n\n\n<p>Luty to \u015bwietna opcja dla os\u00f3b, kt\u00f3re chc\u0105 po\u0142\u0105czy\u0107 <strong>zwiedzanie z lokaln\u0105 kultur\u0105<\/strong> \u2013 szczeg\u00f3lnie podczas kolorowego karnawa\u0142u, oraz dla tych, kt\u00f3rzy szukaj\u0105 korzystnych cen i mniejszych t\u0142um\u00f3w.<\/p>\n\n\n\n<h3 class=\"wp-block-heading\">Madera w marcu<\/h3>\n\n\n\n<p>Marzec to moment przej\u015bcia mi\u0119dzy zim\u0105 a wiosn\u0105 \u2013 pogoda staje si\u0119 coraz bardziej stabilna, a wyspa zaczyna intensywnie kwitn\u0105\u0107 \ud83c\udf38. To dobry wyb\u00f3r, je\u015bli zastanawiasz si\u0119, <strong>kiedy jecha\u0107 na Mader\u0119 na aktywny wypoczynek i pi\u0119kne krajobrazy<\/strong>.<\/p>\n\n\n\n<figure class=\"wp-block-table\"><table class=\"has-fixed-layout\"><thead><tr><th><strong>Cecha<\/strong><\/th><th><strong>Pogoda na Maderze w marcu<\/strong><\/th><\/tr><\/thead><tbody><tr><td>\u015arednia temperatura<\/td><td>ok. 19\u00b0C<\/td><\/tr><tr><td>\u015arednie opady<\/td><td>ok. 60 mm<\/td><\/tr><tr><td>Godziny s\u0142oneczne<\/td><td>ok. 190 h<\/td><\/tr><tr><td>Koszty<\/td><td>umiarkowane \u2013 pocz\u0105tek sezonu<\/td><\/tr><tr><td>Wa\u017cne wydarzenia<\/td><td>Festiwale kwiat\u00f3w (pocz\u0105tek sezonu wiosennego) \ud83c\udf3a<\/td><\/tr><tr><td>Huragany<\/td><td>brak<\/td><\/tr><\/tbody><\/table><\/figure>\n\n\n\n<p>Marzec to \u015bwietny miesi\u0105c dla os\u00f3b, kt\u00f3re chc\u0105 unikn\u0105\u0107 t\u0142um\u00f3w, a jednocze\u015bnie zobaczy\u0107 Mader\u0119 w jej najbardziej zielonej i kwitn\u0105cej ods\u0142onie \u2013 idealny na trekking i zwiedzanie \ud83c\udf3f.<\/p>\n\n\n\n<h3 class=\"wp-block-heading\">Madera w kwietniu<\/h3>\n\n\n\n<p>Kwiecie\u0144 to jeden z najpi\u0119kniejszych miesi\u0119cy na wyspie. Przyroda jest w pe\u0142nym rozkwicie, a pogoda coraz bardziej przypomina wiosn\u0119 \ud83c\udf3a. To \u015bwietny moment, by polecie\u0107<strong> na Mader\u0119, aby zwiedza\u0107 i aktywnie wypoczywa\u0107<\/strong>.<\/p>\n\n\n\n<figure class=\"wp-block-table\"><table class=\"has-fixed-layout\"><thead><tr><th><strong>Cecha<\/strong><\/th><th><strong>Pogoda na Maderze w kwietniu<\/strong><\/th><\/tr><\/thead><tbody><tr><td>\u015arednia temperatura<\/td><td>ok. 19\u00b0C<\/td><\/tr><tr><td>\u015arednie opady<\/td><td>ok. 40 mm<\/td><\/tr><tr><td>Godziny s\u0142oneczne<\/td><td>ok. 210 h<\/td><\/tr><tr><td>Koszty<\/td><td>umiarkowane \u2013 rosn\u0105 przed sezonem<\/td><\/tr><tr><td>Wa\u017cne wydarzenia<\/td><td>Festiwal Kwiat\u00f3w na Maderze \ud83c\udf38<\/td><\/tr><tr><td>Huragany<\/td><td>brak<\/td><\/tr><\/tbody><\/table><\/figure>\n\n\n\n<p>Kwiecie\u0144 to idealny wyb\u00f3r dla os\u00f3b, kt\u00f3re chc\u0105 zobaczy\u0107 Mader\u0119 w najbardziej kolorowej ods\u0142onie i jednocze\u015bnie unikn\u0105\u0107 najwi\u0119kszych t\u0142um\u00f3w \u2013 szczeg\u00f3lnie je\u015bli interesuj\u0105 Ci\u0119 festiwale i natura \ud83c\udf3f.<\/p>\n\n\n\n<h3 class=\"wp-block-heading\">Madera w maju<\/h3>\n\n\n\n<p>Maj to jeden z najlepszych miesi\u0119cy, by<strong> jecha\u0107 na Mader\u0119<\/strong> \ud83c\udf1e. Pogoda jest ju\u017c bardzo stabilna, opad\u00f3w jest niewiele, a temperatury sprzyjaj\u0105 zar\u00f3wno zwiedzaniu, jak i aktywnemu wypoczynkowi.<\/p>\n\n\n\n<figure class=\"wp-block-table\"><table class=\"has-fixed-layout\"><thead><tr><th><strong>Cecha<\/strong><\/th><th><strong>Pogoda na Maderze w maju<\/strong><\/th><\/tr><\/thead><tbody><tr><td>\u015arednia temperatura<\/td><td>ok. 21\u00b0C<\/td><\/tr><tr><td>\u015arednie opady<\/td><td>ok. 25 mm<\/td><\/tr><tr><td>Godziny s\u0142oneczne<\/td><td>ok. 240 h<\/td><\/tr><tr><td>Koszty<\/td><td>umiarkowane \u2013 pocz\u0105tek wysokiego sezonu<\/td><\/tr><tr><td>Wa\u017cne wydarzenia<\/td><td>Festiwal Kwiat\u00f3w (g\u0142\u00f3wne obchody) \ud83c\udf3a<\/td><\/tr><tr><td>Huragany<\/td><td>brak<\/td><\/tr><\/tbody><\/table><\/figure>\n\n\n\n<p>Maj to \u015bwietny wyb\u00f3r dla os\u00f3b, kt\u00f3re chc\u0105 po\u0142\u0105czy\u0107 <strong>idealn\u0105 pogod\u0119 z jeszcze umiarkowanymi cenami<\/strong> \u2013 to r\u00f3wnie\u017c jeden z najlepszych miesi\u0119cy na trekkingi i zwiedzanie wyspy bez upa\u0142\u00f3w \ud83c\udf3f.<\/p>\n\n\n\n<h3 class=\"wp-block-heading\">Madera w czerwcu<\/h3>\n\n\n\n<p>Czerwiec otwiera letni sezon na Maderze i przynosi jedne z najbardziej s\u0142onecznych dni w roku \ud83c\udf1e. To idealny moment, je\u015bli szukasz \u015bwietnej pogody bez uci\u0105\u017cliwych upa\u0142\u00f3w, sprzyjaj\u0105cej zar\u00f3wno zwiedzaniu, jak i aktywnemu wypoczynkowi.<\/p>\n\n\n\n<figure class=\"wp-block-table\"><table class=\"has-fixed-layout\"><thead><tr><th><strong>Cecha<\/strong><\/th><th><strong>Pogoda na Maderze w czerwcu<\/strong><\/th><\/tr><\/thead><tbody><tr><td>\u015arednia temperatura<\/td><td>ok. 22\u00b0C<\/td><\/tr><tr><td>\u015arednie opady<\/td><td>ok. 10 mm<\/td><\/tr><tr><td>Godziny s\u0142oneczne<\/td><td>ok. 260 h<\/td><\/tr><tr><td>Koszty<\/td><td>rosn\u0105ce \u2013 pocz\u0105tek wysokiego sezonu<\/td><\/tr><tr><td>Wa\u017cne wydarzenia<\/td><td>Festiwal \u015aw. Jana (Festas de S\u00e3o Jo\u00e3o) \ud83c\udf89<\/td><\/tr><tr><td>Huragany<\/td><td>brak<\/td><\/tr><\/tbody><\/table><\/figure>\n\n\n\n<p>Czerwiec to idealny moment, je\u015bli zale\u017cy Ci na s\u0142onecznej pogodzie i dobrych warunkach do odkrywania wyspy, a jednocze\u015bnie chcesz unikn\u0105\u0107 najwi\u0119kszego nat\u0119\u017cenia turyst\u00f3w z pe\u0142ni sezonu.<\/p>\n\n\n\n<h3 class=\"wp-block-heading\">Madera w lipcu<\/h3>\n\n\n\n<p>Lipiec to \u015brodek lata i jeden z najcieplejszych oraz najbardziej s\u0142onecznych miesi\u0119cy na wyspie \u2600\ufe0f. To idealny czas, je\u015bli zastanawiasz si\u0119, <strong>kiedy jecha\u0107 na Mader\u0119 na wakacje w pe\u0142nym s\u0142o\u0144cu<\/strong>.<\/p>\n\n\n\n<figure class=\"wp-block-table\"><table class=\"has-fixed-layout\"><thead><tr><th><strong>Cecha<\/strong><\/th><th><strong>Pogoda na Maderze w lipcu<\/strong><\/th><\/tr><\/thead><tbody><tr><td>\u015arednia temperatura<\/td><td>ok. 24\u00b0C<\/td><\/tr><tr><td>\u015arednie opady<\/td><td>ok. 5 mm<\/td><\/tr><tr><td>Godziny s\u0142oneczne<\/td><td>ok. 300 h<\/td><\/tr><tr><td>Koszty<\/td><td>wysokie \u2013 pe\u0142nia sezonu<\/td><\/tr><tr><td>Wa\u017cne wydarzenia<\/td><td>Letnie festiwale, koncerty plenerowe \ud83c\udfb6<\/td><\/tr><tr><td>Huragany<\/td><td>brak<\/td><\/tr><\/tbody><\/table><\/figure>\n\n\n\n<p>Lipiec to \u015bwietny wyb\u00f3r dla os\u00f3b, kt\u00f3re chc\u0105 mie\u0107 <strong>pewn\u0105 pogod\u0119 i du\u017co s\u0142o\u0144ca<\/strong>, szczeg\u00f3lnie na wakacyjny relaks. Trzeba jednak liczy\u0107 si\u0119 z wy\u017cszymi cenami i wi\u0119ksz\u0105 liczb\u0105 turyst\u00f3w \ud83c\udf34.<\/p>\n\n\n\n<h3 class=\"wp-block-heading\">Madera w sierpniu<\/h3>\n\n\n\n<p>Sierpie\u0144 to najgor\u0119tszy i najbardziej wakacyjny miesi\u0105c na wyspie. Dni s\u0105 d\u0142ugie, bardzo s\u0142oneczne i praktycznie bezdeszczowe \u2600\ufe0f. To idealny moment, je\u015bli zastanawiasz si\u0119, <strong>kiedy najlepiej jecha\u0107 na Mader\u0119 na typowe wakacje<\/strong>.<\/p>\n\n\n\n<figure class=\"wp-block-table\"><table class=\"has-fixed-layout\"><thead><tr><th><strong>Cecha<\/strong><\/th><th><strong>Pogoda na Maderze w sierpniu<\/strong><\/th><\/tr><\/thead><tbody><tr><td>\u015arednia temperatura<\/td><td>ok. 25\u00b0C<\/td><\/tr><tr><td>\u015arednie opady<\/td><td>ok. 5 mm<\/td><\/tr><tr><td>Godziny s\u0142oneczne<\/td><td>ok. 290 h<\/td><\/tr><tr><td>Koszty<\/td><td>bardzo wysokie \u2013 szczyt sezonu<\/td><\/tr><tr><td>Wa\u017cne wydarzenia<\/td><td>Festiwal Wina Maderowego \ud83c\udf77<\/td><\/tr><tr><td>Huragany<\/td><td>brak<\/td><\/tr><\/tbody><\/table><\/figure>\n\n\n\n<p>Sierpie\u0144 to najlepszy wyb\u00f3r dla os\u00f3b, kt\u00f3re chc\u0105 maksymalnie wykorzysta\u0107 lato \u2013 <strong>du\u017co s\u0142o\u0144ca, wydarzenia i wakacyjna atmosfera<\/strong>, ale trzeba liczy\u0107 si\u0119 z najwy\u017cszymi cenami i najwi\u0119kszym ruchem turystycznym \ud83c\udf34.<\/p>\n\n\n\n<h3 class=\"wp-block-heading\">Madera w wrze\u015bniu<\/h3>\n\n\n\n<p>Wrzesie\u0144 to jeden z najlepszych miesi\u0119cy na wyjazd \u2013 pogoda nadal jest niczym w pe\u0142ni lata, ale t\u0142umy zaczynaj\u0105 si\u0119 zmniejsza\u0107 \ud83c\udf1e. To idealny moment, je\u015bli zastanawiasz si\u0119, <strong>kiedy najlepiej jecha\u0107 na Mader\u0119 bez szczytu sezonu<\/strong>.<\/p>\n\n\n\n<figure class=\"wp-block-table\"><table class=\"has-fixed-layout\"><thead><tr><th><strong>Cecha<\/strong><\/th><th><strong>Pogoda na Maderze we wrze\u015bniu<\/strong><\/th><\/tr><\/thead><tbody><tr><td>\u015arednia temperatura<\/td><td>ok. 25\u00b0C<\/td><\/tr><tr><td>\u015arednie opady<\/td><td>ok. 20 mm<\/td><\/tr><tr><td>Godziny s\u0142oneczne<\/td><td>ok. 240 h<\/td><\/tr><tr><td>Koszty<\/td><td>wysokie, ale ni\u017csze ni\u017c w sierpniu<\/td><\/tr><tr><td>Wa\u017cne wydarzenia<\/td><td>Festiwal Wina Maderowego (kontynuacja) \ud83c\udf77<\/td><\/tr><tr><td>Huragany<\/td><td>brak<\/td><\/tr><\/tbody><\/table><\/figure>\n\n\n\n<p>Wrzesie\u0144 to \u015bwietny wyb\u00f3r dla os\u00f3b, kt\u00f3re chc\u0105 po\u0142\u0105czy\u0107 <strong>idealn\u0105 pogod\u0119 z mniejszymi t\u0142umami i nieco ni\u017cszymi cenami<\/strong> \u2013 jeden z najbardziej polecanych miesi\u0119cy na wyjazd.<\/p>\n\n\n\n<h3 class=\"wp-block-heading\">Madera w pa\u017adzierniku<\/h3>\n\n\n\n<p>Pa\u017adziernik to wci\u0105\u017c bardzo dobry miesi\u0105c na wyjazd \u2013 temperatury s\u0105 przyjemne, a wyspa stopniowo przechodzi z lata w bardziej wilgotny okres \ud83c\udf42. To dobry wyb\u00f3r, je\u015bli zastanawiasz si\u0119, <strong>kiedy lecie\u0107 na Mader\u0119 po sezonie, ale jeszcze z dobr\u0105 pogod\u0105<\/strong>.<\/p>\n\n\n\n<figure class=\"wp-block-table\"><table class=\"has-fixed-layout\"><thead><tr><th><strong>Cecha<\/strong><\/th><th><strong>Pogoda na Maderze w pa\u017adzierniku<\/strong><\/th><\/tr><\/thead><tbody><tr><td>\u015arednia temperatura<\/td><td>ok. 23\u00b0C<\/td><\/tr><tr><td>\u015arednie opady<\/td><td>ok. 70 mm<\/td><\/tr><tr><td>Godziny s\u0142oneczne<\/td><td>ok. 200 h<\/td><\/tr><tr><td>Koszty<\/td><td>umiarkowane \u2013 po sezonie<\/td><\/tr><tr><td>Wa\u017cne wydarzenia<\/td><td>Lokalne festiwale i wydarzenia kulturalne \ud83c\udfb6<\/td><\/tr><tr><td>Huragany<\/td><td>brak<\/td><\/tr><\/tbody><\/table><\/figure>\n\n\n\n<p>Pa\u017adziernik to \u015bwietny wyb\u00f3r dla os\u00f3b, kt\u00f3re chc\u0105 unikn\u0105\u0107 t\u0142um\u00f3w i wysokich cen, a jednocze\u015bnie nadal cieszy\u0107 si\u0119 <strong>komfortow\u0105 temperatur\u0105 i dobr\u0105 pogod\u0105 do zwiedzania<\/strong>.<\/p>\n\n\n\n<h3 class=\"wp-block-heading\">Madera w listopadzie<\/h3>\n\n\n\n<p>Listopad to pocz\u0105tek bardziej wilgotnego okresu na wyspie \u2013 dni s\u0105 kr\u00f3tsze, a opady cz\u0119stsze, cho\u0107 nadal przeplataj\u0105 si\u0119 ze s\u0142o\u0144cem \ud83c\udf26\ufe0f. W listopadzie polecisz na Mader\u0119&nbsp;i sp\u0119dzisz urlop taniej ni\u017c&nbsp;w sezonie, ale te\u017c&nbsp;temperatura b\u0119dzie ni\u017csza.&nbsp;<\/p>\n\n\n\n<figure class=\"wp-block-table\"><table class=\"has-fixed-layout\"><tbody><tr><td><strong>Cecha<\/strong><\/td><td><strong>Pogoda na Maderze w listopadzie<\/strong><\/td><\/tr><tr><td>\u015arednia temperatura<\/td><td>ok. 21\u00b0C<\/td><\/tr><tr><td>\u015arednie opady<\/td><td>ok. 80 mm<\/td><\/tr><tr><td>Godziny s\u0142oneczne<\/td><td>ok. 170 h<\/td><\/tr><tr><td>Koszty<\/td><td>niskie \u2013 poza sezonem<\/td><\/tr><tr><td>Wa\u017cne wydarzenia<\/td><td>Lokalne festiwale, wydarzenia religijne<\/td><\/tr><tr><td>Huragany<\/td><td>brak<\/td><\/tr><\/tbody><\/table><\/figure>\n\n\n\n<p>Listopad to dobra opcja dla os\u00f3b, kt\u00f3re stawiaj\u0105 na <strong>spokojny wypoczynek i ni\u017csze ceny<\/strong>, a nie zale\u017cy im na idealnie s\u0142onecznej pogodzie ka\u017cdego dnia \ud83c\udf3f.<\/p>\n\n\n\n<h3 class=\"wp-block-heading\">Madera w grudniu<\/h3>\n\n\n\n<p>Grudzie\u0144 na Maderze ma wyj\u0105tkowy klimat. Mimo zimy temperatury s\u0105 \u0142agodne, a wyspa roz\u015bwietla si\u0119 \u015bwi\u0105tecznymi dekoracjami i wydarzeniami \ud83c\udf84. To ciekawa opcja na sp\u0119dzenie \u015bwi\u0105t nieco inaczej.&nbsp;<\/p>\n\n\n\n<figure class=\"wp-block-table\"><table class=\"has-fixed-layout\"><thead><tr><th><strong>Cecha<\/strong><\/th><th><strong>Pogoda na Maderze w grudniu<\/strong><\/th><\/tr><\/thead><tbody><tr><td>\u015arednia temperatura<\/td><td>ok. 19\u00b0C<\/td><\/tr><tr><td>\u015arednie opady<\/td><td>ok. 95 mm<\/td><\/tr><tr><td>Godziny s\u0142oneczne<\/td><td>ok. 150 h<\/td><\/tr><tr><td>Koszty<\/td><td>umiarkowane \u2013 rosn\u0105 w okresie \u015bwi\u0105tecznym<\/td><\/tr><tr><td>Wa\u017cne wydarzenia<\/td><td>Bo\u017ce Narodzenie, Sylwester i spektakularne fajerwerki w Funchal \ud83c\udf86<\/td><\/tr><tr><td>Huragany<\/td><td>brak<\/td><\/tr><\/tbody><\/table><\/figure>\n\n\n\n<p>Grudzie\u0144 to \u015bwietny wyb\u00f3r dla os\u00f3b, kt\u00f3re chc\u0105 po\u0142\u0105czy\u0107 <strong>\u0142agodny klimat z wyj\u0105tkow\u0105 atmosfer\u0105 \u015bwi\u0105t i noworocznych pokaz\u00f3w<\/strong>, szczeg\u00f3lnie je\u015bli szukasz alternatywy dla zimnej pogody w Polsce \u2744\ufe0f\u27a1\ufe0f\ud83c\udf34.<\/p>\n\n\n\n<h2 class=\"wp-block-heading\"><span class=\"ez-toc-section\" id=\"Kiedy-jest-wysoki-i-niski-sezon-na-Maderze\"><\/span>Kiedy jest wysoki i niski sezon na Maderze?<span class=\"ez-toc-section-end\"><\/span><\/h2>\n\n\n\n<p>Wysoki sezon na Maderze przypada na <strong>czerwiec\u2013wrzesie\u0144<\/strong>, kiedy pogoda jest najbardziej s\u0142oneczna i stabilna, a wyspa przyci\u0105ga najwi\u0119cej turyst\u00f3w \u2600\ufe0f.&nbsp;<\/p>\n\n\n\n<p>W tym okresie ceny nocleg\u00f3w i lot\u00f3w mog\u0105 by\u0107 nawet <strong>o 30\u201350% wy\u017csze<\/strong> ni\u017c poza sezonem, szczeg\u00f3lnie w lipcu i sierpniu. Z kolei niski sezon trwa od <strong>listopada do marca<\/strong> (z wyj\u0105tkiem \u015bwi\u0105t), kiedy jest wi\u0119cej opad\u00f3w, ale te\u017c znacznie mniej turyst\u00f3w i atrakcyjniejsze ceny \ud83d\udcb8.&nbsp;<\/p>\n\n\n\n<p>Okresy przej\u015bciowe \u2013 <strong>kwiecie\u0144\u2013maj oraz pa\u017adziernik<\/strong> \u2013 to tzw. \u201eshoulder season\u201d, czyli idealny kompromis mi\u0119dzy dobr\u0105 pogod\u0105 a umiarkowanymi kosztami, dlatego wiele os\u00f3b uwa\u017ca je za najlepszy moment, <strong>kiedy jecha\u0107 na Mader\u0119<\/strong>.<\/p>\n\n\n\n<h2 class=\"wp-block-heading\"><span class=\"ez-toc-section\" id=\"Kiedy-jest-pora-deszczowa-na-Maderze\"><\/span>Kiedy jest pora deszczowa na Maderze?<span class=\"ez-toc-section-end\"><\/span><\/h2>\n\n\n\n<p>Na Maderze nie wyst\u0119puje klasyczna pora deszczowa jak w tropikach, ale najbardziej wilgotny okres przypada na <strong>listopad\u2013luty<\/strong> \ud83c\udf27\ufe0f. W tych miesi\u0105cach opady s\u0105 cz\u0119stsze i intensywniejsze, szczeg\u00f3lnie na p\u00f3\u0142nocy wyspy oraz w g\u00f3rskich rejonach. Deszcze zazwyczaj nie trwaj\u0105 ca\u0142y dzie\u0144 \u2013 cz\u0119sto maj\u0105 charakter przelotny \u2013 dlatego nawet zim\u0105 mo\u017cna trafi\u0107 na sporo s\u0142o\u0144ca.&nbsp;<\/p>\n\n\n\n<p>Je\u015bli zastanawiasz si\u0119, <strong>kiedy jecha\u0107 na Mader\u0119 pod k\u0105tem pogody<\/strong>, warto pami\u0119ta\u0107, \u017ce poza tym okresem (zw\u0142aszcza od maja do wrze\u015bnia) opady s\u0105 minimalne, a dni zdecydowanie bardziej s\u0142oneczne \u2600\ufe0f.<\/p>\n\n\n\n<h2 class=\"wp-block-heading\"><span class=\"ez-toc-section\" id=\"Najlepszy-czas-na-podroz-na-Madere\"><\/span>Najlepszy czas na podr\u00f3\u017c na Mader\u0119<span class=\"ez-toc-section-end\"><\/span><\/h2>\n\n\n\n<p>Najlepszy czas, aby odwiedzi\u0107 Mader\u0119, to <strong>maj\u2013czerwiec oraz wrzesie\u0144<\/strong> \ud83c\udf1e \u2013 wtedy pogoda jest najbardziej zr\u00f3wnowa\u017cona: temperatury wynosz\u0105 oko\u0142o <strong>21\u201325\u00b0C<\/strong>, opady s\u0105 niskie, a liczba godzin s\u0142onecznych bardzo wysoka. To tak\u017ce moment poza \u015bcis\u0142ym szczytem sezonu, wi\u0119c ceny s\u0105 bardziej przyst\u0119pne ni\u017c w lipcu i sierpniu.&nbsp;<\/p>\n\n\n\n<p>Wiosn\u0105 (szczeg\u00f3lnie w maju) wyspa zachwyca kwitn\u0105c\u0105 ro\u015blinno\u015bci\u0105 i festiwalami \ud83c\udf3a, natomiast wczesna jesie\u0144 oferuje idealne warunki do zwiedzania i trekkingu bez t\u0142um\u00f3w. Madera jest kierunkiem ca\u0142orocznym, ale to w\u0142a\u015bnie te miesi\u0105ce najlepiej \u0142\u0105cz\u0105 <strong>pogod\u0119, ceny i wydarzenia<\/strong>.<\/p>\n\n\n\n<h3 class=\"wp-block-heading\">Najlepszy miesi\u0105c na aktywno\u015bci na Maderze<\/h3>\n\n\n\n<figure class=\"wp-block-table\"><table class=\"has-fixed-layout\"><thead><tr><th><strong>Aktywno\u015b\u0107<\/strong><\/th><th><strong>Najlepszy miesi\u0105c<\/strong><\/th><th><strong>Dlaczego warto?<\/strong><\/th><\/tr><\/thead><tbody><tr><td>Wypoczynek nad oceanem<\/td><td>lipiec \u2013 wrzesie\u0144<\/td><td>najwi\u0119cej s\u0142o\u0144ca, najwy\u017csze temperatury<\/td><\/tr><tr><td>Zwiedzanie i kultura<\/td><td>kwiecie\u0144 \u2013 maj<\/td><td>festiwale (np. kwiat\u00f3w), umiarkowana pogoda<\/td><\/tr><tr><td>Trekking i natura<\/td><td>marzec \u2013 czerwiec<\/td><td>zielono, kwitn\u0105co, idealne temperatury<\/td><\/tr><tr><td>Aktywny wypoczynek<\/td><td>maj \u2013 czerwiec, wrzesie\u0144<\/td><td>dobra pogoda bez upa\u0142\u00f3w i t\u0142um\u00f3w<\/td><\/tr><tr><td>Bud\u017cetowy wyjazd<\/td><td>listopad \u2013 marzec<\/td><td>najni\u017csze ceny, mniej turyst\u00f3w<\/td><\/tr><\/tbody><\/table><\/figure>\n\n\n\n<p>Dzi\u0119ki temu \u0142atwo dopasujesz termin do swoich plan\u00f3w \u2013 niezale\u017cnie od tego, czy interesuje Ci\u0119 relaks, aktywno\u015b\u0107 czy zwiedzanie.<\/p>\n\n\n\n<h2 class=\"wp-block-heading\"><span class=\"ez-toc-section\" id=\"Pozostan-online-na-Maderze-z-eSIM-od-Holafly\"><\/span>Pozosta\u0144 online na Maderze z eSIM od Holafly<span class=\"ez-toc-section-end\"><\/span><\/h2>\n\n\n\n<p>Podczas podr\u00f3\u017cy na Mader\u0119 sta\u0142y dost\u0119p do internetu to podstawa \u2013 nawigacja, rezerwacje czy kontakt z bliskimi \ud83d\udcf1. Dzi\u0119ki <a href=\"http:\/\/esim.holafly.com\/pl\/\" target=\"_blank\" rel=\"noreferrer noopener\">eSIM od Holafly<\/a> masz <strong>nielimitowany internet od pierwszej minuty po przylocie<\/strong>, bez stresu o roaming i szukanie lokalnej karty SIM. To najwygodniejsze rozwi\u0105zanie, je\u015bli chcesz by\u0107 online ca\u0142y czas \u2013 bez przerw i ogranicze\u0144.<\/p>\n\n\n\n<p><strong>\ud83c\udf0d Internet bez limitu na Maderze<\/strong><\/p>\n\n\n\n<p>Aktywuj eSIM jeszcze przed podr\u00f3\u017c\u0105 i korzystaj z internetu od razu po l\u0105dowaniu. Bez um\u00f3w, bez fizycznej karty \u2013 pe\u0142na wygoda i szybka instalacja!<\/p>\n\n\n\n  <div class=\"sidebar-blog banners-blog-wide invert-banner\">\n    <div\n      class=\"sidebar-blog-widget text-color-white \"\n              style=\"background-color: #E12B57\" >\n      <div>\n                              <div class=\"illustration\">\n              <img decoding=\"async\" src=\"https:\/\/media.holafly.com\/sites\/1\/2024\/11\/books-CTA-illustration.svg\" alt=\"\">\n            <\/div>\n                        <\/div>\n      <div>\n                  <div class=\"title\">\n            <p>Dost\u0119p do najszybszych sieci<\/p>\n          <\/div>\n                          <div class=\"description\">\n            <br>Mi\u0119dzynarodowa karta eSIM + lokalni operatorzy. Skorzystaj z obu opcji jednocze\u015bnie i ciesz si\u0119 ich zaletami z Holafly<br>          <\/div>\n                                              <button class=\"btn-primary-l cta-primary\">\n              <a target=\"_blank\" href=\"https:\/\/esim.holafly.com\/pl\/esim-madera\/\">Sprawd\u017a nasz\u0105 kart\u0119 eSIM na Mader\u0119<\/a>            <\/button>\n                                <\/div>\n    <\/div>\n  <\/div>\n  \n\n\n\n<p>Sprawd\u017a te\u017c inne poradniki, kt\u00f3re pozwol\u0105 ci przygotowa\u0107 si\u0119 na wyjazd na Mader\u0119:<br><\/p>\n\n\n\n<ul class=\"wp-block-list\">\n<li><a href=\"https:\/\/esim.holafly.com\/pl\/blog\/roaming-w-portugalii\/\" target=\"_blank\" rel=\"noreferrer noopener\">Roaming w Portugalii: Ile kosztuje i jak unikn\u0105\u0107 wysokich op\u0142at?<\/a><\/li>\n\n\n\n<li><a href=\"https:\/\/esim.holafly.com\/pl\/blog\/internet-w-portugalii\/\" target=\"_blank\" rel=\"noreferrer noopener\">Internet w Portugalii: 4 rozwi\u0105zania na wakacje<\/a><\/li>\n\n\n\n<li><a href=\"https:\/\/esim.holafly.com\/pl\/blog\/gniazdka-portugalia\/\" target=\"_blank\" rel=\"noreferrer noopener\">Gniazdka w Portugalii: Czy potrzebujesz adaptera do wtyczki?<\/a><\/li>\n\n\n\n<li><a href=\"https:\/\/esim.holafly.com\/pl\/blog\/jak-dziala-esim\/\" target=\"_blank\" rel=\"noreferrer noopener\">Czym jest karta eSIM i jak dzia\u0142a?<\/a><\/li>\n\n\n\n<li><a href=\"https:\/\/esim.holafly.com\/pl\/blog\/telefony-z-esim\/\" target=\"_blank\" rel=\"noreferrer noopener\">Telefony z eSIM: Pe\u0142na lista urz\u0105dze\u0144<\/a><\/li>\n<\/ul>\n\n\n\n<p>Dzi\u0119ki temu przygotujesz si\u0119 do wyjazdu kompleksowo i bez niespodzianek.<\/p>\n\n\n\n<h2 class=\"wp-block-heading\"><span class=\"ez-toc-section\" id=\"Najlepszy-czas-na-Madere-%E2%80%93-FAQ\"><\/span>Najlepszy czas na Mader\u0119 \u2013 FAQ<span class=\"ez-toc-section-end\"><\/span><\/h2>\n\n\n\n<h3 class=\"wp-block-heading\">Kiedy nie lecie\u0107 na Mader\u0119?<\/h3>\n\n\n\n<p>Najmniej polecany okres to listopad\u2013luty, gdy opady s\u0105 najcz\u0119stsze i pogoda bywa bardziej zmienna.<\/p>\n\n\n\n<h3 class=\"wp-block-heading\">Jaka jest pogoda na Maderze w kwietniu?<\/h3>\n\n\n\n<p>W kwietniu jest oko\u0142o 19\u00b0C, du\u017co s\u0142o\u0144ca i niewiele opad\u00f3w \u2013 idealnie na zwiedzanie.<\/p>\n\n\n\n<h3 class=\"wp-block-heading\">Kiedy jest najtaniej na Maderze?<\/h3>\n\n\n\n<p>Najni\u017csze ceny s\u0105 zazwyczaj od listopada do marca, poza okresem \u015bwi\u0105tecznym.<\/p>\n\n\n\n<h3 class=\"wp-block-heading\">Kt\u00f3ry miesi\u0105c jest najbardziej deszczowy na Maderze?<\/h3>\n\n\n\n<p>Najwi\u0119cej opad\u00f3w przypada zwykle na grudzie\u0144 lub stycze\u0144.<\/p>\n","protected":false},"excerpt":{"rendered":"<p>Kiedy jecha\u0107 na Mader\u0119? Sprawd\u017a pogod\u0119 i wydarzenia na aktualny rok. Zaplanuj idealny urlop na wyspie wiecznej wiosny z naszymi podpowiedziami.<\/p>\n","protected":false},"author":407,"featured_media":236341,"comment_status":"open","ping_status":"closed","sticky":false,"template":"","format":"standard","meta":{"_acf_changed":false,"footnotes":""},"categories":[694],"tags":[831,880],"class_list":["post-236340","post","type-post","status-publish","format-standard","has-post-thumbnail","hentry","category-blog","tag-kiedy-jechac","tag-madera"],"acf":[],"yoast_head":"<!-- This site is optimized with the Yoast SEO plugin v27.4 - https:\/\/yoast.com\/product\/yoast-seo-wordpress\/ -->\n<title>Madera kiedy jecha\u0107? Najlepszy czas na wyjazd w 2026<\/title>\n<meta name=\"description\" content=\"Kiedy jecha\u0107 na Mader\u0119? Sprawd\u017a pogod\u0119 i wydarzenia na 2026 rok. Zaplanuj idealny urlop na wyspie wiecznej wiosny z naszymi podpowiedziami.\" \/>\n<meta name=\"robots\" content=\"index, follow, max-snippet:-1, max-image-preview:large, max-video-preview:-1\" \/>\n<link rel=\"canonical\" href=\"https:\/\/esim.holafly.com\/pl\/blog\/madera-kiedy-jechac\/\" \/>\n<meta property=\"og:locale\" content=\"pl_PL\" \/>\n<meta property=\"og:type\" content=\"article\" \/>\n<meta property=\"og:title\" content=\"Madera kiedy jecha\u0107? Najlepszy czas na wyjazd w 2026\" \/>\n<meta property=\"og:description\" content=\"Kiedy jecha\u0107 na Mader\u0119? Sprawd\u017a pogod\u0119 i wydarzenia na 2026 rok. Zaplanuj idealny urlop na wyspie wiecznej wiosny z naszymi podpowiedziami.\" \/>\n<meta property=\"og:url\" content=\"https:\/\/esim.holafly.com\/pl\/blog\/madera-kiedy-jechac\/\" \/>\n<meta property=\"og:site_name\" content=\"Holafly\" \/>\n<meta property=\"article:published_time\" content=\"2026-03-29T10:03:06+00:00\" \/>\n<meta property=\"article:modified_time\" content=\"2026-03-29T10:04:59+00:00\" \/>\n<meta property=\"og:image\" content=\"https:\/\/media.holafly.com\/sites\/100\/2026\/03\/kiedy_jechac_madera_bfi.png\" \/>\n\t<meta property=\"og:image:width\" content=\"1200\" \/>\n\t<meta property=\"og:image:height\" content=\"675\" \/>\n\t<meta property=\"og:image:type\" content=\"image\/png\" \/>\n<meta name=\"author\" content=\"Dominika G\u0142owa\" \/>\n<meta name=\"twitter:card\" content=\"summary_large_image\" \/>\n<meta name=\"twitter:label1\" content=\"Napisane przez\" \/>\n\t<meta name=\"twitter:data1\" content=\"Dominika G\u0142owa\" \/>\n\t<meta name=\"twitter:label2\" content=\"Szacowany czas czytania\" \/>\n\t<meta name=\"twitter:data2\" content=\"14 minut\" \/>\n<script type=\"application\/ld+json\" class=\"yoast-schema-graph\">{\"@context\":\"https:\\\/\\\/schema.org\",\"@graph\":[{\"@type\":\"Article\",\"@id\":\"https:\\\/\\\/esim.holafly.com\\\/pl\\\/blog\\\/madera-kiedy-jechac\\\/#article\",\"isPartOf\":{\"@id\":\"https:\\\/\\\/esim.holafly.com\\\/pl\\\/blog\\\/madera-kiedy-jechac\\\/\"},\"author\":{\"name\":\"Dominika G\u0142owa\",\"@id\":\"https:\\\/\\\/esim.holafly.com\\\/pl\\\/#\\\/schema\\\/person\\\/f5e36656dd9138277c0c79847982d50d\"},\"headline\":\"Kiedy lecie\u0107 na Mader\u0119? Najlepszy czas na wyjazd\",\"datePublished\":\"2026-03-29T10:03:06+00:00\",\"dateModified\":\"2026-03-29T10:04:59+00:00\",\"mainEntityOfPage\":{\"@id\":\"https:\\\/\\\/esim.holafly.com\\\/pl\\\/blog\\\/madera-kiedy-jechac\\\/\"},\"wordCount\":2469,\"commentCount\":0,\"publisher\":{\"@id\":\"https:\\\/\\\/esim.holafly.com\\\/pl\\\/#organization\"},\"image\":{\"@id\":\"https:\\\/\\\/esim.holafly.com\\\/pl\\\/blog\\\/madera-kiedy-jechac\\\/#primaryimage\"},\"thumbnailUrl\":\"https:\\\/\\\/media.holafly.com\\\/sites\\\/100\\\/2026\\\/03\\\/kiedy_jechac_madera_bfi.png\",\"keywords\":[\"kiedy jecha\u0107\",\"Madera\"],\"articleSection\":[\"Blog\"],\"inLanguage\":\"pl-PL\",\"potentialAction\":[{\"@type\":\"CommentAction\",\"name\":\"Comment\",\"target\":[\"https:\\\/\\\/esim.holafly.com\\\/pl\\\/blog\\\/madera-kiedy-jechac\\\/#respond\"]}]},{\"@type\":\"WebPage\",\"@id\":\"https:\\\/\\\/esim.holafly.com\\\/pl\\\/blog\\\/madera-kiedy-jechac\\\/\",\"url\":\"https:\\\/\\\/esim.holafly.com\\\/pl\\\/blog\\\/madera-kiedy-jechac\\\/\",\"name\":\"Madera kiedy jecha\u0107? Najlepszy czas na wyjazd w 2026\",\"isPartOf\":{\"@id\":\"https:\\\/\\\/esim.holafly.com\\\/pl\\\/#website\"},\"primaryImageOfPage\":{\"@id\":\"https:\\\/\\\/esim.holafly.com\\\/pl\\\/blog\\\/madera-kiedy-jechac\\\/#primaryimage\"},\"image\":{\"@id\":\"https:\\\/\\\/esim.holafly.com\\\/pl\\\/blog\\\/madera-kiedy-jechac\\\/#primaryimage\"},\"thumbnailUrl\":\"https:\\\/\\\/media.holafly.com\\\/sites\\\/100\\\/2026\\\/03\\\/kiedy_jechac_madera_bfi.png\",\"datePublished\":\"2026-03-29T10:03:06+00:00\",\"dateModified\":\"2026-03-29T10:04:59+00:00\",\"description\":\"Kiedy jecha\u0107 na Mader\u0119? Sprawd\u017a pogod\u0119 i wydarzenia na 2026 rok. Zaplanuj idealny urlop na wyspie wiecznej wiosny z naszymi podpowiedziami.\",\"breadcrumb\":{\"@id\":\"https:\\\/\\\/esim.holafly.com\\\/pl\\\/blog\\\/madera-kiedy-jechac\\\/#breadcrumb\"},\"inLanguage\":\"pl-PL\",\"potentialAction\":[{\"@type\":\"ReadAction\",\"target\":[\"https:\\\/\\\/esim.holafly.com\\\/pl\\\/blog\\\/madera-kiedy-jechac\\\/\"]}]},{\"@type\":\"ImageObject\",\"inLanguage\":\"pl-PL\",\"@id\":\"https:\\\/\\\/esim.holafly.com\\\/pl\\\/blog\\\/madera-kiedy-jechac\\\/#primaryimage\",\"url\":\"https:\\\/\\\/media.holafly.com\\\/sites\\\/100\\\/2026\\\/03\\\/kiedy_jechac_madera_bfi.png\",\"contentUrl\":\"https:\\\/\\\/media.holafly.com\\\/sites\\\/100\\\/2026\\\/03\\\/kiedy_jechac_madera_bfi.png\",\"width\":1200,\"height\":675,\"caption\":\"Kiedy jecha\u0107 na Mader\u0119\"},{\"@type\":\"BreadcrumbList\",\"@id\":\"https:\\\/\\\/esim.holafly.com\\\/pl\\\/blog\\\/madera-kiedy-jechac\\\/#breadcrumb\",\"itemListElement\":[{\"@type\":\"ListItem\",\"position\":1,\"name\":\"Home\",\"item\":\"https:\\\/\\\/esim.holafly.com\\\/pl\\\/\"},{\"@type\":\"ListItem\",\"position\":2,\"name\":\"Kiedy lecie\u0107 na Mader\u0119? Najlepszy czas na wyjazd\"}]},{\"@type\":\"WebSite\",\"@id\":\"https:\\\/\\\/esim.holafly.com\\\/pl\\\/#website\",\"url\":\"https:\\\/\\\/esim.holafly.com\\\/pl\\\/\",\"name\":\"Holafly\",\"description\":\"Kupuj karty eSIM do podr\u00f3\u017cy mi\u0119dzynarodowych\",\"publisher\":{\"@id\":\"https:\\\/\\\/esim.holafly.com\\\/pl\\\/#organization\"},\"alternateName\":\"Holafly eSIM\",\"potentialAction\":[{\"@type\":\"SearchAction\",\"target\":{\"@type\":\"EntryPoint\",\"urlTemplate\":\"https:\\\/\\\/esim.holafly.com\\\/pl\\\/?s={search_term_string}\"},\"query-input\":{\"@type\":\"PropertyValueSpecification\",\"valueRequired\":true,\"valueName\":\"search_term_string\"}}],\"inLanguage\":\"pl-PL\"},{\"@type\":\"Organization\",\"@id\":\"https:\\\/\\\/esim.holafly.com\\\/pl\\\/#organization\",\"name\":\"Holafly SL\",\"alternateName\":\"Holafly\",\"url\":\"https:\\\/\\\/esim.holafly.com\\\/pl\\\/\",\"logo\":{\"@type\":\"ImageObject\",\"inLanguage\":\"pl-PL\",\"@id\":\"https:\\\/\\\/esim.holafly.com\\\/pl\\\/#\\\/schema\\\/logo\\\/image\\\/\",\"url\":\"https:\\\/\\\/esim.holafly.com\\\/pl\\\/wp-content\\\/uploads\\\/sites\\\/100\\\/2023\\\/05\\\/logo-holafly-relacion-aspecto-1-1.png\",\"contentUrl\":\"https:\\\/\\\/esim.holafly.com\\\/pl\\\/wp-content\\\/uploads\\\/sites\\\/100\\\/2023\\\/05\\\/logo-holafly-relacion-aspecto-1-1.png\",\"width\":929,\"height\":803,\"caption\":\"Holafly SL\"},\"image\":{\"@id\":\"https:\\\/\\\/esim.holafly.com\\\/pl\\\/#\\\/schema\\\/logo\\\/image\\\/\"}},{\"@type\":\"Person\",\"@id\":\"https:\\\/\\\/esim.holafly.com\\\/pl\\\/#\\\/schema\\\/person\\\/f5e36656dd9138277c0c79847982d50d\",\"name\":\"Dominika G\u0142owa\",\"description\":\"Cze\u015b\u0107! Jestem Dominika - Specjalistka ds. Contentu w j\u0119zyku polskim. Po 6 latach do\u015bwiadczenia w tworzeniu tre\u015bci trafi\u0142am do Holafly, gdzie \u0142\u0105cz\u0119 zami\u0142owanie do pisania z pasj\u0105 podr\u00f3\u017cnicz\u0105, aby dostarcza\u0107 teksty, dzi\u0119ki kt\u00f3rym odkrywanie \u015bwiata staje si\u0119 odrobin\u0119 \u0142atwiejsze. Plusy - mam prac\u0119, kt\u00f3r\u0105 lubi\u0119. Minusy - codziennie musz\u0119 ogl\u0105da\u0107 zdj\u0119cia, kt\u00f3re napawaj\u0105 mnie niesamowitym FOMO. Po godzinach t\u0142umacz\u0119 r\u00f3wnie\u017c ksi\u0105\u017cki i filmy, co jest moim kolejnym ulubionym hobby, a w mi\u0119dzyczasie planuj\u0119 wypraw\u0119 do Nowej Zelandii.\",\"sameAs\":[\"https:\\\/\\\/www.linkedin.com\\\/in\\\/dominika-gowa-265019210\\\/?originalSubdomain=pl\"],\"url\":\"https:\\\/\\\/esim.holafly.com\\\/pl\\\/author\\\/dominika\\\/\"}]}<\/script>\n<!-- \/ Yoast SEO plugin. -->","yoast_head_json":{"title":"Madera kiedy jecha\u0107? Najlepszy czas na wyjazd w 2026","description":"Kiedy jecha\u0107 na Mader\u0119? Sprawd\u017a pogod\u0119 i wydarzenia na 2026 rok. Zaplanuj idealny urlop na wyspie wiecznej wiosny z naszymi podpowiedziami.","robots":{"index":"index","follow":"follow","max-snippet":"max-snippet:-1","max-image-preview":"max-image-preview:large","max-video-preview":"max-video-preview:-1"},"canonical":"https:\/\/esim.holafly.com\/pl\/blog\/madera-kiedy-jechac\/","og_locale":"pl_PL","og_type":"article","og_title":"Madera kiedy jecha\u0107? Najlepszy czas na wyjazd w 2026","og_description":"Kiedy jecha\u0107 na Mader\u0119? Sprawd\u017a pogod\u0119 i wydarzenia na 2026 rok. Zaplanuj idealny urlop na wyspie wiecznej wiosny z naszymi podpowiedziami.","og_url":"https:\/\/esim.holafly.com\/pl\/blog\/madera-kiedy-jechac\/","og_site_name":"Holafly","article_published_time":"2026-03-29T10:03:06+00:00","article_modified_time":"2026-03-29T10:04:59+00:00","og_image":[{"width":1200,"height":675,"url":"https:\/\/media.holafly.com\/sites\/100\/2026\/03\/kiedy_jechac_madera_bfi.png","type":"image\/png"}],"author":"Dominika G\u0142owa","twitter_card":"summary_large_image","twitter_misc":{"Napisane przez":"Dominika G\u0142owa","Szacowany czas czytania":"14 minut"},"schema":{"@context":"https:\/\/schema.org","@graph":[{"@type":"Article","@id":"https:\/\/esim.holafly.com\/pl\/blog\/madera-kiedy-jechac\/#article","isPartOf":{"@id":"https:\/\/esim.holafly.com\/pl\/blog\/madera-kiedy-jechac\/"},"author":{"name":"Dominika G\u0142owa","@id":"https:\/\/esim.holafly.com\/pl\/#\/schema\/person\/f5e36656dd9138277c0c79847982d50d"},"headline":"Kiedy lecie\u0107 na Mader\u0119? Najlepszy czas na wyjazd","datePublished":"2026-03-29T10:03:06+00:00","dateModified":"2026-03-29T10:04:59+00:00","mainEntityOfPage":{"@id":"https:\/\/esim.holafly.com\/pl\/blog\/madera-kiedy-jechac\/"},"wordCount":2469,"commentCount":0,"publisher":{"@id":"https:\/\/esim.holafly.com\/pl\/#organization"},"image":{"@id":"https:\/\/esim.holafly.com\/pl\/blog\/madera-kiedy-jechac\/#primaryimage"},"thumbnailUrl":"https:\/\/media.holafly.com\/sites\/100\/2026\/03\/kiedy_jechac_madera_bfi.png","keywords":["kiedy jecha\u0107","Madera"],"articleSection":["Blog"],"inLanguage":"pl-PL","potentialAction":[{"@type":"CommentAction","name":"Comment","target":["https:\/\/esim.holafly.com\/pl\/blog\/madera-kiedy-jechac\/#respond"]}]},{"@type":"WebPage","@id":"https:\/\/esim.holafly.com\/pl\/blog\/madera-kiedy-jechac\/","url":"https:\/\/esim.holafly.com\/pl\/blog\/madera-kiedy-jechac\/","name":"Madera kiedy jecha\u0107? Najlepszy czas na wyjazd w 2026","isPartOf":{"@id":"https:\/\/esim.holafly.com\/pl\/#website"},"primaryImageOfPage":{"@id":"https:\/\/esim.holafly.com\/pl\/blog\/madera-kiedy-jechac\/#primaryimage"},"image":{"@id":"https:\/\/esim.holafly.com\/pl\/blog\/madera-kiedy-jechac\/#primaryimage"},"thumbnailUrl":"https:\/\/media.holafly.com\/sites\/100\/2026\/03\/kiedy_jechac_madera_bfi.png","datePublished":"2026-03-29T10:03:06+00:00","dateModified":"2026-03-29T10:04:59+00:00","description":"Kiedy jecha\u0107 na Mader\u0119? Sprawd\u017a pogod\u0119 i wydarzenia na 2026 rok. Zaplanuj idealny urlop na wyspie wiecznej wiosny z naszymi podpowiedziami.","breadcrumb":{"@id":"https:\/\/esim.holafly.com\/pl\/blog\/madera-kiedy-jechac\/#breadcrumb"},"inLanguage":"pl-PL","potentialAction":[{"@type":"ReadAction","target":["https:\/\/esim.holafly.com\/pl\/blog\/madera-kiedy-jechac\/"]}]},{"@type":"ImageObject","inLanguage":"pl-PL","@id":"https:\/\/esim.holafly.com\/pl\/blog\/madera-kiedy-jechac\/#primaryimage","url":"https:\/\/media.holafly.com\/sites\/100\/2026\/03\/kiedy_jechac_madera_bfi.png","contentUrl":"https:\/\/media.holafly.com\/sites\/100\/2026\/03\/kiedy_jechac_madera_bfi.png","width":1200,"height":675,"caption":"Kiedy jecha\u0107 na Mader\u0119"},{"@type":"BreadcrumbList","@id":"https:\/\/esim.holafly.com\/pl\/blog\/madera-kiedy-jechac\/#breadcrumb","itemListElement":[{"@type":"ListItem","position":1,"name":"Home","item":"https:\/\/esim.holafly.com\/pl\/"},{"@type":"ListItem","position":2,"name":"Kiedy lecie\u0107 na Mader\u0119? Najlepszy czas na wyjazd"}]},{"@type":"WebSite","@id":"https:\/\/esim.holafly.com\/pl\/#website","url":"https:\/\/esim.holafly.com\/pl\/","name":"Holafly","description":"Kupuj karty eSIM do podr\u00f3\u017cy mi\u0119dzynarodowych","publisher":{"@id":"https:\/\/esim.holafly.com\/pl\/#organization"},"alternateName":"Holafly eSIM","potentialAction":[{"@type":"SearchAction","target":{"@type":"EntryPoint","urlTemplate":"https:\/\/esim.holafly.com\/pl\/?s={search_term_string}"},"query-input":{"@type":"PropertyValueSpecification","valueRequired":true,"valueName":"search_term_string"}}],"inLanguage":"pl-PL"},{"@type":"Organization","@id":"https:\/\/esim.holafly.com\/pl\/#organization","name":"Holafly SL","alternateName":"Holafly","url":"https:\/\/esim.holafly.com\/pl\/","logo":{"@type":"ImageObject","inLanguage":"pl-PL","@id":"https:\/\/esim.holafly.com\/pl\/#\/schema\/logo\/image\/","url":"https:\/\/esim.holafly.com\/pl\/wp-content\/uploads\/sites\/100\/2023\/05\/logo-holafly-relacion-aspecto-1-1.png","contentUrl":"https:\/\/esim.holafly.com\/pl\/wp-content\/uploads\/sites\/100\/2023\/05\/logo-holafly-relacion-aspecto-1-1.png","width":929,"height":803,"caption":"Holafly SL"},"image":{"@id":"https:\/\/esim.holafly.com\/pl\/#\/schema\/logo\/image\/"}},{"@type":"Person","@id":"https:\/\/esim.holafly.com\/pl\/#\/schema\/person\/f5e36656dd9138277c0c79847982d50d","name":"Dominika G\u0142owa","description":"Cze\u015b\u0107! Jestem Dominika - Specjalistka ds. Contentu w j\u0119zyku polskim. Po 6 latach do\u015bwiadczenia w tworzeniu tre\u015bci trafi\u0142am do Holafly, gdzie \u0142\u0105cz\u0119 zami\u0142owanie do pisania z pasj\u0105 podr\u00f3\u017cnicz\u0105, aby dostarcza\u0107 teksty, dzi\u0119ki kt\u00f3rym odkrywanie \u015bwiata staje si\u0119 odrobin\u0119 \u0142atwiejsze. Plusy - mam prac\u0119, kt\u00f3r\u0105 lubi\u0119. Minusy - codziennie musz\u0119 ogl\u0105da\u0107 zdj\u0119cia, kt\u00f3re napawaj\u0105 mnie niesamowitym FOMO. Po godzinach t\u0142umacz\u0119 r\u00f3wnie\u017c ksi\u0105\u017cki i filmy, co jest moim kolejnym ulubionym hobby, a w mi\u0119dzyczasie planuj\u0119 wypraw\u0119 do Nowej Zelandii.","sameAs":["https:\/\/www.linkedin.com\/in\/dominika-gowa-265019210\/?originalSubdomain=pl"],"url":"https:\/\/esim.holafly.com\/pl\/author\/dominika\/"}]}},"featured_image_src":"https:\/\/media.holafly.com\/sites\/100\/2026\/03\/kiedy_jechac_madera_bfi-600x400.png","featured_image_src_square":"https:\/\/media.holafly.com\/sites\/100\/2026\/03\/kiedy_jechac_madera_bfi-600x600.png","author_info":{"display_name":"Dominika G\u0142owa","author_link":"https:\/\/esim.holafly.com\/pl\/author\/dominika\/"},"_links":{"self":[{"href":"https:\/\/esim.holafly.com\/pl\/wp-json\/wp\/v2\/posts\/236340","targetHints":{"allow":["GET"]}}],"collection":[{"href":"https:\/\/esim.holafly.com\/pl\/wp-json\/wp\/v2\/posts"}],"about":[{"href":"https:\/\/esim.holafly.com\/pl\/wp-json\/wp\/v2\/types\/post"}],"author":[{"embeddable":true,"href":"https:\/\/esim.holafly.com\/pl\/wp-json\/wp\/v2\/users\/407"}],"replies":[{"embeddable":true,"href":"https:\/\/esim.holafly.com\/pl\/wp-json\/wp\/v2\/comments?post=236340"}],"version-history":[{"count":2,"href":"https:\/\/esim.holafly.com\/pl\/wp-json\/wp\/v2\/posts\/236340\/revisions"}],"predecessor-version":[{"id":236343,"href":"https:\/\/esim.holafly.com\/pl\/wp-json\/wp\/v2\/posts\/236340\/revisions\/236343"}],"wp:featuredmedia":[{"embeddable":true,"href":"https:\/\/esim.holafly.com\/pl\/wp-json\/wp\/v2\/media\/236341"}],"wp:attachment":[{"href":"https:\/\/esim.holafly.com\/pl\/wp-json\/wp\/v2\/media?parent=236340"}],"wp:term":[{"taxonomy":"category","embeddable":true,"href":"https:\/\/esim.holafly.com\/pl\/wp-json\/wp\/v2\/categories?post=236340"},{"taxonomy":"post_tag","embeddable":true,"href":"https:\/\/esim.holafly.com\/pl\/wp-json\/wp\/v2\/tags?post=236340"}],"curies":[{"name":"wp","href":"https:\/\/api.w.org\/{rel}","templated":true}]}}