{"id":352466,"date":"2026-06-22T18:24:30","date_gmt":"2026-06-22T18:24:30","guid":{"rendered":"https:\/\/esim.holafly.com\/es\/?p=352466"},"modified":"2026-06-22T18:24:31","modified_gmt":"2026-06-22T18:24:31","slug":"visa-trabajo-portugal-para-mexicanos","status":"publish","type":"post","link":"https:\/\/esim.holafly.com\/es\/blog\/visas\/visa-trabajo-portugal-para-mexicanos\/","title":{"rendered":"Visas de trabajo en Portugal: gu\u00eda para mexicanos"},"content":{"rendered":"\n<p>Trabajar de manera legal en Portugal como mexicano requiere obtener una visa o permiso espec\u00edfico, ya que M\u00e9xico no forma parte del Espacio Schengen ni de la Uni\u00f3n Europea. El tipo de visa que necesitas depender\u00e1 de tu perfil profesional, del sector en el que quieras trabajar y de si ya cuentas con una oferta laboral. Ac\u00e1 te contamos las opciones viables para solicitar una visa de trabajo en Portugal para mexicanos.<\/p>\n\n\n\n<p>Este pa\u00eds europeo ofrece varias visas laborales, cada una con requisitos, duraci\u00f3n y condiciones distintas. Algunas exigen un contrato previo con un empleador portugu\u00e9s, otras est\u00e1n pensadas para profesionales calificados, y existen opciones para quienes buscan empleo sin tener una oferta confirmada antes de viajar.<\/p>\n\n\n\n<p>Sigue leyendo para descubrir cu\u00e1les requisitos debes cumplir y cu\u00e1l puede ajustarse mejor a tu situaci\u00f3n.<\/p>\n\n\n\n<div id=\"ez-toc-container\" class=\"ez-toc-v2_0_82_2 counter-hierarchy ez-toc-counter ez-toc-grey ez-toc-container-direction\">\n<div class=\"ez-toc-title-container\">\n<p class=\"ez-toc-title\" style=\"cursor:inherit\">En este art\u00edculo<\/p>\n<span class=\"ez-toc-title-toggle\"><a href=\"#\" class=\"ez-toc-pull-right ez-toc-btn ez-toc-btn-xs ez-toc-btn-default ez-toc-toggle\" aria-label=\"Alternar tabla de contenidos\"><span class=\"ez-toc-js-icon-con\"><span class=\"\"><span class=\"eztoc-hide\" style=\"display:none;\">Toggle<\/span><span class=\"ez-toc-icon-toggle-span\"><svg style=\"fill: #999;color:#999\" xmlns=\"http:\/\/www.w3.org\/2000\/svg\" class=\"list-377408\" width=\"20px\" height=\"20px\" viewBox=\"0 0 24 24\" fill=\"none\"><path d=\"M6 6H4v2h2V6zm14 0H8v2h12V6zM4 11h2v2H4v-2zm16 0H8v2h12v-2zM4 16h2v2H4v-2zm16 0H8v2h12v-2z\" fill=\"currentColor\"><\/path><\/svg><svg style=\"fill: #999;color:#999\" class=\"arrow-unsorted-368013\" xmlns=\"http:\/\/www.w3.org\/2000\/svg\" width=\"10px\" height=\"10px\" viewBox=\"0 0 24 24\" version=\"1.2\" baseProfile=\"tiny\"><path d=\"M18.2 9.3l-6.2-6.3-6.2 6.3c-.2.2-.3.4-.3.7s.1.5.3.7c.2.2.4.3.7.3h11c.3 0 .5-.1.7-.3.2-.2.3-.5.3-.7s-.1-.5-.3-.7zM5.8 14.7l6.2 6.3 6.2-6.3c.2-.2.3-.5.3-.7s-.1-.5-.3-.7c-.2-.2-.4-.3-.7-.3h-11c-.3 0-.5.1-.7.3-.2.2-.3.5-.3.7s.1.5.3.7z\"\/><\/svg><\/span><\/span><\/span><\/a><\/span><\/div>\n<nav><ul class='ez-toc-list ez-toc-list-level-1 ' ><li class='ez-toc-page-1 ez-toc-heading-level-2'><a class=\"ez-toc-link ez-toc-heading-1\" href=\"https:\/\/esim.holafly.com\/es\/blog\/visas\/visa-trabajo-portugal-para-mexicanos\/#%C2%BFNecesitas-una-visa-para-trabajar-en-Portugal-si-vienes-de-Mexico\" >\u00bfNecesitas una visa para trabajar en Portugal si vienes de M\u00e9xico?<\/a><\/li><li class='ez-toc-page-1 ez-toc-heading-level-2'><a class=\"ez-toc-link ez-toc-heading-2\" href=\"https:\/\/esim.holafly.com\/es\/blog\/visas\/visa-trabajo-portugal-para-mexicanos\/#Tipos-de-visas-de-trabajo-en-Portugal-para-personas-de-Mexico\" >Tipos de visas de trabajo en Portugal para personas de M\u00e9xico<\/a><\/li><li class='ez-toc-page-1 ez-toc-heading-level-2'><a class=\"ez-toc-link ez-toc-heading-3\" href=\"https:\/\/esim.holafly.com\/es\/blog\/visas\/visa-trabajo-portugal-para-mexicanos\/#Requisitos-para-obtener-una-visa-de-trabajo-en-Portugal-siendo-de-Mexico\" >Requisitos para obtener una visa de trabajo en Portugal siendo de M\u00e9xico<\/a><\/li><li class='ez-toc-page-1 ez-toc-heading-level-2'><a class=\"ez-toc-link ez-toc-heading-4\" href=\"https:\/\/esim.holafly.com\/es\/blog\/visas\/visa-trabajo-portugal-para-mexicanos\/#%C2%BFDonde-solicitar-una-visa-de-trabajo-en-Portugal-desde-Mexico\" >\u00bfD\u00f3nde solicitar una visa de trabajo en Portugal desde M\u00e9xico?<\/a><\/li><li class='ez-toc-page-1 ez-toc-heading-level-2'><a class=\"ez-toc-link ez-toc-heading-5\" href=\"https:\/\/esim.holafly.com\/es\/blog\/visas\/visa-trabajo-portugal-para-mexicanos\/#%C2%BFCuanto-cuesta-solicitar-una-visa-de-trabajo-en-Mexico-para-Portugal\" >\u00bfCu\u00e1nto cuesta solicitar una visa de trabajo en M\u00e9xico para Portugal?<\/a><\/li><li class='ez-toc-page-1 ez-toc-heading-level-2'><a class=\"ez-toc-link ez-toc-heading-6\" href=\"https:\/\/esim.holafly.com\/es\/blog\/visas\/visa-trabajo-portugal-para-mexicanos\/#Consejos-para-conseguir-una-visa-de-trabajo-en-Portugal-siendo-de-Mexico\" >Consejos para conseguir una visa de trabajo en Portugal siendo de M\u00e9xico<\/a><\/li><li class='ez-toc-page-1 ez-toc-heading-level-2'><a class=\"ez-toc-link ez-toc-heading-7\" href=\"https:\/\/esim.holafly.com\/es\/blog\/visas\/visa-trabajo-portugal-para-mexicanos\/#%C2%BFComo-tener-internet-al-trabajar-durante-una-temporada-en-Portugal\" >\u00bfC\u00f3mo tener internet al trabajar durante una temporada en Portugal?<\/a><\/li><li class='ez-toc-page-1 ez-toc-heading-level-2'><a class=\"ez-toc-link ez-toc-heading-8\" href=\"https:\/\/esim.holafly.com\/es\/blog\/visas\/visa-trabajo-portugal-para-mexicanos\/#Preguntas-frecuentes-sobre-las-visas-de-trabajo-en-Portugal-para-personas-de-Mexico\" >Preguntas frecuentes sobre las visas de trabajo en Portugal para personas de M\u00e9xico<\/a><\/li><\/ul><\/nav><\/div>\n<h2 class=\"wp-block-heading\"><span class=\"ez-toc-section\" id=\"%C2%BFNecesitas-una-visa-para-trabajar-en-Portugal-si-vienes-de-Mexico\"><\/span><strong>\u00bfNecesitas una visa para trabajar en Portugal si vienes de M\u00e9xico?<\/strong><span class=\"ez-toc-section-end\"><\/span><\/h2>\n\n\n\n<p>S\u00ed. <strong>Como ciudadano mexicano, necesitas obtener una visa de trabajo antes de iniciar cualquier actividad laboral en Portugal<\/strong>, salvo en situaciones muy espec\u00edficas. M\u00e9xico no tiene acuerdos de libre movilidad laboral con Portugal ni con la Uni\u00f3n Europea, por lo que el proceso debe iniciarse desde territorio mexicano en la mayor\u00eda de los casos.<\/p>\n\n\n\n<h3 class=\"wp-block-heading\"><strong>Casos en los que se necesita una visa de trabajo<\/strong><\/h3>\n\n\n\n<p>Necesitas una visa si planeas:<\/p>\n\n\n\n<ul class=\"wp-block-list\">\n<li>Trabajar para un empleador portugu\u00e9s con contrato formal.<\/li>\n\n\n\n<li>Ejercer una profesi\u00f3n independiente o freelance de forma estable.<\/li>\n\n\n\n<li>Realizar trabajo estacional en sectores como agricultura o turismo.<\/li>\n\n\n\n<li>Trasladarte por motivos laborales dentro de una misma empresa con presencia en Portugal.<\/li>\n<\/ul>\n\n\n\n<h3 class=\"wp-block-heading\"><strong>Diferencia entre visa y permiso de trabajo<\/strong><\/h3>\n\n\n\n<p>La visa de trabajo es el documento que te permite ingresar a Portugal con fines laborales. Una vez en territorio portugu\u00e9s, debes solicitar un <strong>permiso de residencia para fines laborales<\/strong>, que es el documento que realmente te autoriza a permanecer y trabajar de manera legal. La visa es la puerta de entrada; el permiso de residencia es la autorizaci\u00f3n definitiva.<\/p>\n\n\n\n<h3 class=\"wp-block-heading\"><strong>Situaciones especiales o excepciones<\/strong><\/h3>\n\n\n\n<p><strong>Quienes ya cuentan con un permiso de residencia europeo v\u00e1lido o son familiares directos de un ciudadano de la UE pueden tener procesos simplificados.<\/strong> Tambi\u00e9n existen excepciones para estancias laborales muy cortas vinculadas a actividades espec\u00edficas, aunque estos casos son poco comunes para perfiles mexicanos.<\/p>\n\n\n\n<div style=\"height:18px\" aria-hidden=\"true\" class=\"wp-block-spacer\"><\/div>\n\n\n\n<p class=\"has-background\" style=\"background-color:#fff7d1\">\u2708\ufe0f <strong>Una eSIM para todos tus viajes<br><\/strong>Internet ilimitado en 160 destinos con un \u00fanico <a href=\"https:\/\/esim.holafly.com\/es\/planes-esim\/?ref=blog_es&amp;internal={{visa_trabajo_portugal_para_mexicanos}}&amp;origin={{CTA_texto_publicitario_2}}\" target=\"_blank\" rel=\"noreferrer noopener\">plan mensual<\/a>. <strong>53.97 EUR\/mes<\/strong> aplicando el descuento del 10 %: MYHOLAFLYPLANS.\ud83d\ude80\ud83c\udf0d<\/p>\n\n\n\n<div class=\"wp-block-buttons alignwide is-content-justification-center is-layout-flex wp-container-core-buttons-is-layout-16018d1d wp-block-buttons-is-layout-flex\">\n<div class=\"wp-block-button\"><a class=\"wp-block-button__link has-white-color has-text-color has-background has-link-color wp-element-button\" href=\"https:\/\/esim.holafly.com\/es\/planes-esim\/?ref=blog_es&amp;internal={{visa_trabajo_portugal_para_mexicanos}}&amp;origin={{CTA_boton}}\" style=\"background-color:#e6485c\" target=\"_blank\" rel=\"noreferrer noopener\">Comprar plan mensual<\/a><\/div>\n<\/div>\n\n\n\n<div style=\"height:18px\" aria-hidden=\"true\" class=\"wp-block-spacer\"><\/div>\n\n\n\n<h2 class=\"wp-block-heading\"><span class=\"ez-toc-section\" id=\"Tipos-de-visas-de-trabajo-en-Portugal-para-personas-de-Mexico\"><\/span><strong>Tipos de visas de trabajo en Portugal para personas de M\u00e9xico<\/strong><span class=\"ez-toc-section-end\"><\/span><\/h2>\n\n\n\n<p>Portugal cuenta con distintas visas seg\u00fan el perfil profesional. Esta tabla resume las principales opciones:<\/p>\n\n\n\n<figure class=\"wp-block-table\"><table class=\"has-fixed-layout\"><thead><tr><th>Visa<\/th><th>Perfil<\/th><th>Oferta laboral previa<\/th><th>Duraci\u00f3n inicial<\/th><\/tr><\/thead><tbody><tr><td>Visa D1 (trabajo subordinado)<\/td><td>Empleados con contrato<\/td><td>S\u00ed<\/td><td>Hasta 4 meses (luego permiso de residencia)<\/td><\/tr><tr><td>Visa D2 (emprendedores\/aut\u00f3nomos)<\/td><td>Independientes, emprendedores<\/td><td>No<\/td><td>Hasta 4 meses<\/td><\/tr><tr><td>Visa D3 (alta cualificaci\u00f3n)<\/td><td>Profesionales altamente calificados<\/td><td>Por lo general s\u00ed<\/td><td>Hasta 4 meses<\/td><\/tr><tr><td>Visa para b\u00fasqueda de empleo<\/td><td>Sin oferta confirmada<\/td><td>No<\/td><td>Hasta 120 d\u00edas, prorrogable<\/td><\/tr><tr><td>Visa de trabajo estacional<\/td><td>Sectores agr\u00edcolas\/tur\u00edsticos<\/td><td>S\u00ed<\/td><td>Seg\u00fan temporada<\/td><\/tr><\/tbody><\/table><figcaption class=\"wp-element-caption\">Tipos de visas de trabajo en Portugal para mexicanos<\/figcaption><\/figure>\n\n\n\n<h3 class=\"wp-block-heading\"><strong>Visa D1: trabajo subordinado<\/strong><\/h3>\n\n\n\n<p>Dirigida a quienes ya tienen un <strong>contrato de trabajo firmado con una empresa portuguesa<\/strong>. Es la v\u00eda m\u00e1s com\u00fan para mexicanos que llegan con empleo asegurado.<\/p>\n\n\n\n<ul class=\"wp-block-list\">\n<li><strong>Qui\u00e9n debe solicitarla<\/strong>: trabajadores con oferta laboral formal.<\/li>\n\n\n\n<li><strong>Empleos permitidos<\/strong>: cualquier actividad subordinada bajo el contrato presentado.<\/li>\n\n\n\n<li><strong>Sectores frecuentes<\/strong>: tecnolog\u00eda, hosteler\u00eda, construcci\u00f3n, servicios.<\/li>\n\n\n\n<li><strong>Requisitos principales<\/strong>: contrato de trabajo, pasaporte vigente, comprobante de medios de subsistencia, seguro m\u00e9dico.<\/li>\n\n\n\n<li><strong>Duraci\u00f3n inicial<\/strong>: hasta 4 meses para entrar al pa\u00eds, despu\u00e9s se solicita el permiso de residencia.<\/li>\n\n\n\n<li><strong>Renovaci\u00f3n<\/strong>: el permiso de residencia derivado es renovable mientras se mantenga el v\u00ednculo laboral.<\/li>\n\n\n\n<li><strong>Cambio de empleador<\/strong>: posible, pero implica actualizar la documentaci\u00f3n ante las autoridades migratorias.<\/li>\n\n\n\n<li><strong>Familiares<\/strong>: pueden solicitarse visas de reagrupaci\u00f3n familiar.<\/li>\n\n\n\n<li><strong>Residencia posterior<\/strong>: s\u00ed, puede conducir a residencia permanente tras varios a\u00f1os.<\/li>\n\n\n\n<li><strong>Qui\u00e9n inicia el tr\u00e1mite<\/strong>: el propio trabajador, con el contrato como respaldo.<\/li>\n\n\n\n<li><strong>Oferta previa requerida<\/strong>: s\u00ed.<\/li>\n<\/ul>\n\n\n\n<figure class=\"wp-block-image size-large\"><img loading=\"lazy\" decoding=\"async\" width=\"1024\" height=\"819\" src=\"https:\/\/media.holafly.com\/sites\/21\/2026\/06\/visa-de-trabajo-portugal-para-mexicanos-listas-1024x819.jpg\" alt=\"visa-de-trabajo-portugal-para-mexicanos\" class=\"wp-image-352479\" srcset=\"https:\/\/media.holafly.com\/sites\/21\/2026\/06\/visa-de-trabajo-portugal-para-mexicanos-listas-1024x819.jpg 1024w, https:\/\/media.holafly.com\/sites\/21\/2026\/06\/visa-de-trabajo-portugal-para-mexicanos-listas-300x240.jpg 300w, https:\/\/media.holafly.com\/sites\/21\/2026\/06\/visa-de-trabajo-portugal-para-mexicanos-listas-768x614.jpg 768w, https:\/\/media.holafly.com\/sites\/21\/2026\/06\/visa-de-trabajo-portugal-para-mexicanos-listas-1536x1229.jpg 1536w, https:\/\/media.holafly.com\/sites\/21\/2026\/06\/visa-de-trabajo-portugal-para-mexicanos-listas.jpg 2000w\" sizes=\"auto, (max-width: 1024px) 100vw, 1024px\" \/><figcaption class=\"wp-element-caption\">Tener un nivel avanzado de ingl\u00e9s le abrir\u00e1 muchas puertas, ya que los sectores tecnol\u00f3gico y de servicio al cliente son los que m\u00e1s contratan extranjeros. @shutterstock<\/figcaption><\/figure>\n\n\n\n<h3 class=\"wp-block-heading\"><strong>Visa D2: emprendedores y aut\u00f3nomos<\/strong><\/h3>\n\n\n\n<p>Pensada para quienes desean <strong>establecer un negocio propio<\/strong> o ejercer como profesionales independientes en Portugal.<\/p>\n\n\n\n<ul class=\"wp-block-list\">\n<li><strong>Perfil<\/strong>: emprendedores, freelancers, profesionales independientes.<\/li>\n\n\n\n<li><strong>Empleos permitidos<\/strong>: actividad econ\u00f3mica propia, no empleo por cuenta de un tercero.<\/li>\n\n\n\n<li><strong>Sectores frecuentes<\/strong>: consultor\u00eda, servicios digitales, comercio.<\/li>\n\n\n\n<li><strong>Requisitos principales<\/strong>: plan de negocio, prueba de viabilidad econ\u00f3mica, registro fiscal en Portugal.<\/li>\n\n\n\n<li><strong>Duraci\u00f3n inicial<\/strong>: hasta 4 meses, seguida de permiso de residencia.<\/li>\n\n\n\n<li><strong>Renovaci\u00f3n<\/strong>: s\u00ed, sujeta a la continuidad de la actividad econ\u00f3mica.<\/li>\n\n\n\n<li><strong>Cambio de actividad<\/strong>: posible con actualizaci\u00f3n ante el SEF\/AIMA.<\/li>\n\n\n\n<li><strong>Familiares<\/strong>: permite reagrupaci\u00f3n familiar.<\/li>\n\n\n\n<li><strong>Residencia posterior<\/strong>: s\u00ed, tras cumplir los plazos legales.<\/li>\n\n\n\n<li><strong>Qui\u00e9n inicia el tr\u00e1mite<\/strong>: el solicitante.<\/li>\n\n\n\n<li><strong>Oferta previa requerida<\/strong>: no, ya que no depende de un empleador.<\/li>\n<\/ul>\n\n\n\n<h3 class=\"wp-block-heading\"><strong>Visa D3: profesionales altamente cualificados<\/strong><\/h3>\n\n\n\n<p>Dirigida a perfiles especializados, como <strong>investigadores, profesionales de tecnolog\u00eda o cargos directivos<\/strong>.<\/p>\n\n\n\n<ul class=\"wp-block-list\">\n<li><strong>Perfil<\/strong>: trabajadores con formaci\u00f3n superior y experiencia especializada.<\/li>\n\n\n\n<li><strong>Empleos permitidos<\/strong>: puestos que requieran alta calificaci\u00f3n seg\u00fan el contrato.<\/li>\n\n\n\n<li><strong>Sectores frecuentes<\/strong>: tecnolog\u00eda, investigaci\u00f3n, ingenier\u00eda, ciencias.<\/li>\n\n\n\n<li><strong>Requisitos principales<\/strong>: contrato o promesa de contrato, t\u00edtulo profesional, comprobaci\u00f3n de calificaci\u00f3n.<\/li>\n\n\n\n<li><strong>Duraci\u00f3n inicial<\/strong>: hasta 4 meses.<\/li>\n\n\n\n<li><strong>Renovaci\u00f3n<\/strong>: s\u00ed, vinculada al permiso de residencia laboral.<\/li>\n\n\n\n<li><strong>Cambio de empleador<\/strong>: posible, notificando a las autoridades.<\/li>\n\n\n\n<li><strong>Familiares<\/strong>: incluidos mediante reagrupaci\u00f3n.<\/li>\n\n\n\n<li><strong>Residencia posterior<\/strong>: s\u00ed.<\/li>\n\n\n\n<li><strong>Qui\u00e9n inicia el tr\u00e1mite<\/strong>: el trabajador, generalmente con apoyo del empleador.<\/li>\n\n\n\n<li><strong>Oferta previa requerida<\/strong>: en la mayor\u00eda de los casos, s\u00ed.<\/li>\n<\/ul>\n\n\n\n<h3 class=\"wp-block-heading\"><strong>Visa para b\u00fasqueda de empleo<\/strong><\/h3>\n\n\n\n<p>Permite a mexicanos <strong>ingresar a Portugal sin una oferta laboral confirmada<\/strong> para buscar trabajo de forma presencial.<\/p>\n\n\n\n<ul class=\"wp-block-list\">\n<li><strong>Perfil<\/strong>: personas que desean explorar oportunidades laborales en territorio portugu\u00e9s.<\/li>\n\n\n\n<li><strong>Empleos permitidos<\/strong>: ninguno hasta conseguir y formalizar un contrato.<\/li>\n\n\n\n<li><strong>Sectores frecuentes<\/strong>: aplica a cualquier sector una vez se obtiene empleo.<\/li>\n\n\n\n<li><strong>Requisitos principales<\/strong>: comprobante de medios econ\u00f3micos, alojamiento, seguro m\u00e9dico, motivo de b\u00fasqueda laboral.<\/li>\n\n\n\n<li><strong>Duraci\u00f3n inicial<\/strong>: hasta 120 d\u00edas, prorrogable por 60 d\u00edas adicionales.<\/li>\n\n\n\n<li><strong>Renovaci\u00f3n<\/strong>: limitada, debe formalizarse un contrato antes de su vencimiento.<\/li>\n\n\n\n<li><strong>Cambio de estatus<\/strong>: al conseguir empleo, se transita hacia una visa D1.<\/li>\n\n\n\n<li><strong>Familiares<\/strong>: no incluye reagrupaci\u00f3n en esta fase inicial.<\/li>\n\n\n\n<li><strong>Residencia posterior<\/strong>: solo si se obtiene contrato y se cambia de estatus.<\/li>\n\n\n\n<li><strong>Qui\u00e9n inicia el tr\u00e1mite<\/strong>: el solicitante.<\/li>\n\n\n\n<li><strong>Oferta previa requerida<\/strong>: no.<\/li>\n<\/ul>\n\n\n\n<h3 class=\"wp-block-heading\"><strong>Visa de trabajo estacional<\/strong><\/h3>\n\n\n\n<p>Para empleos temporales en sectores como <strong>agricultura, pesca o turismo<\/strong>, comunes en ciertas regiones de Portugal.<\/p>\n\n\n\n<ul class=\"wp-block-list\">\n<li><strong>Perfil<\/strong>: trabajadores temporales en sectores estacionales.<\/li>\n\n\n\n<li><strong>Empleos permitidos<\/strong>: limitados al periodo y sector contratado.<\/li>\n\n\n\n<li><strong>Sectores frecuentes<\/strong>: agricultura, hosteler\u00eda, turismo costero.<\/li>\n\n\n\n<li><strong>Requisitos principales<\/strong>: contrato estacional, comprobante de alojamiento.<\/li>\n\n\n\n<li><strong>Duraci\u00f3n inicial<\/strong>: variable seg\u00fan la temporada, normalmente de algunos meses.<\/li>\n\n\n\n<li><strong>Renovaci\u00f3n<\/strong>: posible si existe nueva oferta estacional.<\/li>\n\n\n\n<li><strong>Cambio de empleador<\/strong>: restringido al sector y contrato autorizado.<\/li>\n\n\n\n<li><strong>Familiares<\/strong>: por lo general no incluidos por la naturaleza temporal.<\/li>\n\n\n\n<li><strong>Residencia posterior<\/strong>: no aplica de forma directa.<\/li>\n\n\n\n<li><strong>Qui\u00e9n inicia el tr\u00e1mite<\/strong>: el trabajador, con respaldo del empleador.<\/li>\n\n\n\n<li><strong>Oferta previa requerida<\/strong>: s\u00ed.<\/li>\n<\/ul>\n\n\n\n<h2 class=\"wp-block-heading\"><span class=\"ez-toc-section\" id=\"Requisitos-para-obtener-una-visa-de-trabajo-en-Portugal-siendo-de-Mexico\"><\/span><strong>Requisitos para obtener una visa de trabajo en Portugal siendo de M\u00e9xico<\/strong><span class=\"ez-toc-section-end\"><\/span><\/h2>\n\n\n\n<p>Entre los principales requisitos se encuentran:<\/p>\n\n\n\n<h3 class=\"wp-block-heading\"><strong>Requisitos personales<\/strong><\/h3>\n\n\n\n<p>Pasaporte vigente con al menos seis meses de validez, fotograf\u00edas recientes y formulario de solicitud completo.<\/p>\n\n\n\n<h3 class=\"wp-block-heading\"><strong>Requisitos profesionales<\/strong><\/h3>\n\n\n\n<p>Contrato de trabajo, promesa de contrato o, en el caso de aut\u00f3nomos, un plan de negocio detallado que demuestre viabilidad.<\/p>\n\n\n\n<h3 class=\"wp-block-heading\"><strong>Documentaci\u00f3n necesaria<\/strong><\/h3>\n\n\n\n<p>Comprobante de alojamiento en Portugal, seguro m\u00e9dico de viaje, certificado de antecedentes penales y, en algunos casos, validaci\u00f3n de t\u00edtulos acad\u00e9micos.<\/p>\n\n\n\n<h3 class=\"wp-block-heading\"><strong>Requisitos econ\u00f3micos<\/strong><\/h3>\n\n\n\n<p>Debes demostrar <strong>medios de subsistencia suficientes<\/strong>, generalmente equivalentes al salario m\u00ednimo portugu\u00e9s durante el periodo inicial de estancia.<\/p>\n\n\n\n<h3 class=\"wp-block-heading\"><strong>Certificados y antecedentes<\/strong><\/h3>\n\n\n\n<p>Se exige certificado de antecedentes penales emitido en M\u00e9xico, apostillado y, en ocasiones, traducido oficialmente al portugu\u00e9s.<\/p>\n\n\n\n<h2 class=\"wp-block-heading\"><span class=\"ez-toc-section\" id=\"%C2%BFDonde-solicitar-una-visa-de-trabajo-en-Portugal-desde-Mexico\"><\/span><strong>\u00bfD\u00f3nde solicitar una visa de trabajo en Portugal desde M\u00e9xico?<\/strong><span class=\"ez-toc-section-end\"><\/span><\/h2>\n\n\n\n<p>Para solicitar esta visa de trabajo se recomienda:<\/p>\n\n\n\n<h3 class=\"wp-block-heading\"><strong>Solicitud desde M\u00e9xico<\/strong><\/h3>\n\n\n\n<p>El proceso debe iniciarse en el <strong>Consulado de Portugal en Ciudad de M\u00e9xico<\/strong>, donde se presenta la documentaci\u00f3n y se realiza la entrevista correspondiente antes de viajar.<\/p>\n\n\n\n<h3 class=\"wp-block-heading\"><strong>Solicitud desde Portugal<\/strong><\/h3>\n\n\n\n<p>Una vez dentro del pa\u00eds con la visa correspondiente, el permiso de residencia laboral se tramita ante la <strong>Agencia para la Integraci\u00f3n, Migraciones y Asilo (AIMA)<\/strong>.<\/p>\n\n\n\n<h3 class=\"wp-block-heading\"><strong>Casos en los que ambas opciones son posibles<\/strong><\/h3>\n\n\n\n<p>El tr\u00e1mite combina ambos pa\u00edses: la visa se obtiene en M\u00e9xico y el permiso de residencia definitivo se formaliza ya en territorio portugu\u00e9s.<\/p>\n\n\n\n<h2 class=\"wp-block-heading\"><span class=\"ez-toc-section\" id=\"%C2%BFCuanto-cuesta-solicitar-una-visa-de-trabajo-en-Mexico-para-Portugal\"><\/span><strong>\u00bfCu\u00e1nto cuesta solicitar una visa de trabajo en M\u00e9xico para Portugal?<\/strong><span class=\"ez-toc-section-end\"><\/span><\/h2>\n\n\n\n<p>Los principales costos oficiales incluyen:<\/p>\n\n\n\n<h3 class=\"wp-block-heading\"><strong>Tasas oficiales<\/strong><\/h3>\n\n\n\n<p>Las tasas consulares para visas de trabajo suelen oscilar entre <strong>90 y 180 d\u00f3lares<\/strong> (aproximadamente 1,600 a 3,200 pesos mexicanos), dependiendo del tipo de visa.<\/p>\n\n\n\n<h3 class=\"wp-block-heading\"><strong>Gastos adicionales<\/strong><\/h3>\n\n\n\n<p>Debes considerar traducci\u00f3n y apostilla de documentos, seguro m\u00e9dico de viaje y comprobantes de alojamiento, lo que puede sumar entre 100 y 300 d\u00f3lares adicionales.<\/p>\n\n\n\n<h3 class=\"wp-block-heading\"><strong>Tiempo de procesamiento<\/strong><\/h3>\n\n\n\n<p>El tr\u00e1mite consular suele tardar entre <strong>4 y 8 semanas<\/strong>, aunque puede variar seg\u00fan la temporada y la carga de solicitudes.<\/p>\n\n\n\n<h3 class=\"wp-block-heading\"><strong>Factores que pueden retrasar la solicitud<\/strong><\/h3>\n\n\n\n<p>Documentaci\u00f3n incompleta, falta de apostilla en certificados o citas consulares saturadas son las causas m\u00e1s comunes de demoras.<\/p>\n\n\n\n<figure class=\"wp-block-image size-large\"><img loading=\"lazy\" decoding=\"async\" width=\"1024\" height=\"819\" src=\"https:\/\/media.holafly.com\/sites\/21\/2026\/06\/visa-de-trabajo-portugal-para-mexicanos-planes-1024x819.jpg\" alt=\"visa-de-trabajo-portugal-para-mexicanos\" class=\"wp-image-352478\" srcset=\"https:\/\/media.holafly.com\/sites\/21\/2026\/06\/visa-de-trabajo-portugal-para-mexicanos-planes-1024x819.jpg 1024w, https:\/\/media.holafly.com\/sites\/21\/2026\/06\/visa-de-trabajo-portugal-para-mexicanos-planes-300x240.jpg 300w, https:\/\/media.holafly.com\/sites\/21\/2026\/06\/visa-de-trabajo-portugal-para-mexicanos-planes-768x614.jpg 768w, https:\/\/media.holafly.com\/sites\/21\/2026\/06\/visa-de-trabajo-portugal-para-mexicanos-planes-1536x1229.jpg 1536w, https:\/\/media.holafly.com\/sites\/21\/2026\/06\/visa-de-trabajo-portugal-para-mexicanos-planes.jpg 2000w\" sizes=\"auto, (max-width: 1024px) 100vw, 1024px\" \/><figcaption class=\"wp-element-caption\">Un seguro internacional de viaje con una cobertura m\u00ednima de EUR 30,000 que cubra gastos m\u00e9dicos por accidentes o repatriaci\u00f3n durante al menos 120 d\u00edas. @shutterstock<\/figcaption><\/figure>\n\n\n\n<h2 class=\"wp-block-heading\"><span class=\"ez-toc-section\" id=\"Consejos-para-conseguir-una-visa-de-trabajo-en-Portugal-siendo-de-Mexico\"><\/span><strong>Consejos para conseguir una visa de trabajo en Portugal siendo de M\u00e9xico<\/strong><span class=\"ez-toc-section-end\"><\/span><\/h2>\n\n\n\n<ul class=\"wp-block-list\">\n<li>I<strong>nicia el proceso con varios meses de anticipaci\u00f3n, dado que las citas consulares suelen tener alta demanda.<\/strong><\/li>\n\n\n\n<li>Verifica que todos tus documentos est\u00e9n apostillados y traducidos por un perito autorizado.<\/li>\n\n\n\n<li>Si buscas empleo sin contrato previo, prepara una carta motivacional clara sobre tu plan profesional en Portugal.<\/li>\n\n\n\n<li>Investiga si tu profesi\u00f3n requiere homologaci\u00f3n de t\u00edtulo antes de aplicar a la visa D3.<\/li>\n\n\n\n<li>Contrata un seguro m\u00e9dico que cumpla con los montos m\u00ednimos exigidos por las autoridades portuguesas.<\/li>\n<\/ul>\n\n\n\n<h2 class=\"wp-block-heading\"><span class=\"ez-toc-section\" id=\"%C2%BFComo-tener-internet-al-trabajar-durante-una-temporada-en-Portugal\"><\/span><strong>\u00bfC\u00f3mo tener internet al trabajar durante una temporada en Portugal?<\/strong><span class=\"ez-toc-section-end\"><\/span><\/h2>\n\n\n\n<p>Contar con conexi\u00f3n a internet desde el primer d\u00eda es clave para <strong>gestionar tr\u00e1mites migratorios, comunicarte con tu empleador y coordinar tu llegada<\/strong> sin depender de redes p\u00fablicas inestables.<\/p>\n\n\n\n<p>Una alternativa pr\u00e1ctica son los <strong>planes mensuales de<\/strong> <strong>Holafly<\/strong>, que ofrecen internet ilimitado y funci\u00f3n de hotspot en m\u00e1s de 160 destinos, incluyendo Portugal. Esto te permite mantenerte conectado desde el aeropuerto hasta que resuelvas tu l\u00ednea local, ideal para quienes inician una reubicaci\u00f3n laboral o una estancia prolongada en el pa\u00eds.<\/p>\n\n\n\n<div style=\"height:18px\" aria-hidden=\"true\" class=\"wp-block-spacer\"><\/div>\n\n\n<div class=\"wp-block-image\">\n<figure class=\"aligncenter size-large is-resized\"><a href=\"https:\/\/esim.holafly.com\/es\/planes-esim\/?ref=blog_es&amp;internal={{visa_trabajo_portugal_para_mexicanos}}&amp;origin={{CTA_banner}}\" target=\"_blank\" rel=\"noreferrer noopener\"><img decoding=\"async\" src=\"https:\/\/media.holafly.com\/sites\/21\/2025\/11\/Banner-Holafly-Plans-conexion-global-1-1024x576.jpg\" alt=\"\" style=\"width:840px;height:auto\" \/><\/a><\/figure>\n<\/div>\n\n\n<div class=\"wp-block-buttons alignwide is-content-justification-center is-layout-flex wp-container-core-buttons-is-layout-16018d1d wp-block-buttons-is-layout-flex\">\n<div class=\"wp-block-button\"><a class=\"wp-block-button__link has-white-color has-text-color has-background has-link-color wp-element-button\" href=\"https:\/\/esim.holafly.com\/es\/planes-esim\/?ref=blog_es&amp;internal={{visa_trabajo_portugal_para_mexicanos}}&amp;origin={{CTA_boton}}\" style=\"background-color:#e6485c\" target=\"_blank\" rel=\"noreferrer noopener\">Comprar plan mensual<\/a><\/div>\n<\/div>\n\n\n\n<div style=\"height:18px\" aria-hidden=\"true\" class=\"wp-block-spacer\"><\/div>\n\n\n\n<h2 class=\"wp-block-heading\"><span class=\"ez-toc-section\" id=\"Preguntas-frecuentes-sobre-las-visas-de-trabajo-en-Portugal-para-personas-de-Mexico\"><\/span><strong>Preguntas frecuentes sobre las visas de trabajo en Portugal para personas de M\u00e9xico<\/strong><span class=\"ez-toc-section-end\"><\/span><\/h2>\n\n\n\n<div class=\"schema-faq wp-block-yoast-faq-block\"><div class=\"schema-faq-section\" id=\"faq-question-1782141379940\"><strong class=\"schema-faq-question\"><strong>\u00bfPuedo trabajar en Portugal con una visa de turista?<\/strong><\/strong> <p class=\"schema-faq-answer\">No. La visa de turista no autoriza ninguna actividad laboral remunerada en territorio portugu\u00e9s.<\/p> <\/div> <div class=\"schema-faq-section\" id=\"faq-question-1782141411393\"><strong class=\"schema-faq-question\"><strong>\u00bfCu\u00e1nto tiempo tarda en aprobarse una visa de trabajo portuguesa?<\/strong><\/strong> <p class=\"schema-faq-answer\">El proceso completo, desde la solicitud consular hasta la obtenci\u00f3n del permiso de residencia, puede tomar entre 2 y 4 meses.<\/p> <\/div> <div class=\"schema-faq-section\" id=\"faq-question-1782141432273\"><strong class=\"schema-faq-question\"><strong>\u00bfNecesito saber portugu\u00e9s para obtener una visa de trabajo?<\/strong><\/strong> <p class=\"schema-faq-answer\">No es un requisito obligatorio para la mayor\u00eda de las visas, aunque dominar el idioma facilita la integraci\u00f3n laboral y social.<\/p> <\/div> <div class=\"schema-faq-section\" id=\"faq-question-1782141446067\"><strong class=\"schema-faq-question\"><strong>\u00bfPuedo llevar a mi familia si obtengo una visa de trabajo?<\/strong><\/strong> <p class=\"schema-faq-answer\">S\u00ed, mediante el proceso de reagrupaci\u00f3n familiar disponible para titulares de permisos de residencia laboral.<\/p> <\/div> <div class=\"schema-faq-section\" id=\"faq-question-1782141504063\"><strong class=\"schema-faq-question\"><strong>\u00bfQu\u00e9 pasa si mi visa de b\u00fasqueda de empleo vence sin haber conseguido trabajo?<\/strong><\/strong> <p class=\"schema-faq-answer\">Debes salir de Portugal o explorar otras v\u00edas migratorias, ya que esta visa no se renueva indefinidamente sin un contrato formal.<\/p> <\/div> <div class=\"schema-faq-section\" id=\"faq-question-1782141525788\"><strong class=\"schema-faq-question\"><strong>\u00bfEs necesario tener una oferta de trabajo antes de viajar a Portugal?<\/strong><\/strong> <p class=\"schema-faq-answer\">Depende de la visa: la D1 y la estacional s\u00ed la requieren, mientras que la D2 y la de b\u00fasqueda de empleo no.<\/p> <\/div> <\/div>\n\n\n\n<p><\/p>\n","protected":false},"excerpt":{"rendered":"<p>Encuentra aqu\u00ed toda la informaci\u00f3n sobre la visa de trabajo en Portugal para mexicanos, ideal para una nueva experiencia laboral.<\/p>\n","protected":false},"author":376,"featured_media":352480,"comment_status":"open","ping_status":"closed","sticky":false,"template":"","format":"standard","meta":{"_acf_changed":false,"footnotes":""},"categories":[317],"tags":[],"class_list":["post-352466","post","type-post","status-publish","format-standard","has-post-thumbnail","hentry","category-visas"],"acf":[],"yoast_head":"<!-- This site is optimized with the Yoast SEO plugin v27.4 - https:\/\/yoast.com\/product\/yoast-seo-wordpress\/ -->\n<title>Visas de trabajo en Portugal para mexicanos - Holafly<\/title>\n<meta name=\"description\" content=\"Encuentra aqu\u00ed toda la informaci\u00f3n sobre la visa de trabajo en Portugal para mexicanos, ideal para una nueva experiencia laboral.\" \/>\n<meta name=\"robots\" content=\"index, follow, max-snippet:-1, max-image-preview:large, max-video-preview:-1\" \/>\n<link rel=\"canonical\" href=\"https:\/\/esim.holafly.com\/es\/blog\/visas\/visa-trabajo-portugal-para-mexicanos\/\" \/>\n<meta property=\"og:locale\" content=\"es_ES\" \/>\n<meta property=\"og:type\" content=\"article\" \/>\n<meta property=\"og:title\" content=\"Visas de trabajo en Portugal para mexicanos - Holafly\" \/>\n<meta property=\"og:description\" content=\"Encuentra aqu\u00ed toda la informaci\u00f3n sobre la visa de trabajo en Portugal para mexicanos, ideal para una nueva experiencia laboral.\" \/>\n<meta property=\"og:url\" content=\"https:\/\/esim.holafly.com\/es\/blog\/visas\/visa-trabajo-portugal-para-mexicanos\/\" \/>\n<meta property=\"og:site_name\" content=\"Holafly\" \/>\n<meta property=\"article:publisher\" content=\"https:\/\/www.facebook.com\/HolaFlying\/\" \/>\n<meta property=\"article:published_time\" content=\"2026-06-22T18:24:30+00:00\" \/>\n<meta property=\"article:modified_time\" content=\"2026-06-22T18:24:31+00:00\" \/>\n<meta property=\"og:image\" content=\"https:\/\/media.holafly.com\/sites\/21\/2026\/06\/visa-de-trabajo-portugal-para-mexicanos.jpg\" \/>\n\t<meta property=\"og:image:width\" content=\"1920\" \/>\n\t<meta property=\"og:image:height\" content=\"1080\" \/>\n\t<meta property=\"og:image:type\" content=\"image\/jpeg\" \/>\n<meta name=\"author\" content=\"Karla Marquez\" \/>\n<meta name=\"twitter:card\" content=\"summary_large_image\" \/>\n<meta name=\"twitter:creator\" content=\"@holafly_com\" \/>\n<meta name=\"twitter:site\" content=\"@holafly_com\" \/>\n<meta name=\"twitter:label1\" content=\"Escrito por\" \/>\n\t<meta name=\"twitter:data1\" content=\"Karla Marquez\" \/>\n\t<meta name=\"twitter:label2\" content=\"Tiempo de lectura\" \/>\n\t<meta name=\"twitter:data2\" content=\"10 minutos\" \/>\n<script type=\"application\/ld+json\" class=\"yoast-schema-graph\">{\"@context\":\"https:\\\/\\\/schema.org\",\"@graph\":[{\"@type\":\"Article\",\"@id\":\"https:\\\/\\\/esim.holafly.com\\\/es\\\/blog\\\/visas\\\/visa-trabajo-portugal-para-mexicanos\\\/#article\",\"isPartOf\":{\"@id\":\"https:\\\/\\\/esim.holafly.com\\\/es\\\/blog\\\/visas\\\/visa-trabajo-portugal-para-mexicanos\\\/\"},\"author\":{\"name\":\"Karla Marquez\",\"@id\":\"https:\\\/\\\/esim.holafly.com\\\/es\\\/#\\\/schema\\\/person\\\/1027523425e71d86a88e008ae1710fb0\"},\"headline\":\"Visas de trabajo en Portugal: gu\u00eda para mexicanos\",\"datePublished\":\"2026-06-22T18:24:30+00:00\",\"dateModified\":\"2026-06-22T18:24:31+00:00\",\"mainEntityOfPage\":{\"@id\":\"https:\\\/\\\/esim.holafly.com\\\/es\\\/blog\\\/visas\\\/visa-trabajo-portugal-para-mexicanos\\\/\"},\"wordCount\":2018,\"commentCount\":0,\"publisher\":{\"@id\":\"https:\\\/\\\/esim.holafly.com\\\/es\\\/#organization\"},\"image\":{\"@id\":\"https:\\\/\\\/esim.holafly.com\\\/es\\\/blog\\\/visas\\\/visa-trabajo-portugal-para-mexicanos\\\/#primaryimage\"},\"thumbnailUrl\":\"https:\\\/\\\/media.holafly.com\\\/sites\\\/21\\\/2026\\\/06\\\/visa-de-trabajo-portugal-para-mexicanos.jpg\",\"articleSection\":[\"Visas\"],\"inLanguage\":\"es\",\"potentialAction\":[{\"@type\":\"CommentAction\",\"name\":\"Comment\",\"target\":[\"https:\\\/\\\/esim.holafly.com\\\/es\\\/blog\\\/visas\\\/visa-trabajo-portugal-para-mexicanos\\\/#respond\"]}]},{\"@type\":[\"WebPage\",\"FAQPage\"],\"@id\":\"https:\\\/\\\/esim.holafly.com\\\/es\\\/blog\\\/visas\\\/visa-trabajo-portugal-para-mexicanos\\\/\",\"url\":\"https:\\\/\\\/esim.holafly.com\\\/es\\\/blog\\\/visas\\\/visa-trabajo-portugal-para-mexicanos\\\/\",\"name\":\"Visas de trabajo en Portugal para mexicanos - Holafly\",\"isPartOf\":{\"@id\":\"https:\\\/\\\/esim.holafly.com\\\/es\\\/#website\"},\"primaryImageOfPage\":{\"@id\":\"https:\\\/\\\/esim.holafly.com\\\/es\\\/blog\\\/visas\\\/visa-trabajo-portugal-para-mexicanos\\\/#primaryimage\"},\"image\":{\"@id\":\"https:\\\/\\\/esim.holafly.com\\\/es\\\/blog\\\/visas\\\/visa-trabajo-portugal-para-mexicanos\\\/#primaryimage\"},\"thumbnailUrl\":\"https:\\\/\\\/media.holafly.com\\\/sites\\\/21\\\/2026\\\/06\\\/visa-de-trabajo-portugal-para-mexicanos.jpg\",\"datePublished\":\"2026-06-22T18:24:30+00:00\",\"dateModified\":\"2026-06-22T18:24:31+00:00\",\"description\":\"Encuentra aqu\u00ed toda la informaci\u00f3n sobre la visa de trabajo en Portugal para mexicanos, ideal para una nueva experiencia laboral.\",\"breadcrumb\":{\"@id\":\"https:\\\/\\\/esim.holafly.com\\\/es\\\/blog\\\/visas\\\/visa-trabajo-portugal-para-mexicanos\\\/#breadcrumb\"},\"mainEntity\":[{\"@id\":\"https:\\\/\\\/esim.holafly.com\\\/es\\\/blog\\\/visas\\\/visa-trabajo-portugal-para-mexicanos\\\/#faq-question-1782141379940\"},{\"@id\":\"https:\\\/\\\/esim.holafly.com\\\/es\\\/blog\\\/visas\\\/visa-trabajo-portugal-para-mexicanos\\\/#faq-question-1782141411393\"},{\"@id\":\"https:\\\/\\\/esim.holafly.com\\\/es\\\/blog\\\/visas\\\/visa-trabajo-portugal-para-mexicanos\\\/#faq-question-1782141432273\"},{\"@id\":\"https:\\\/\\\/esim.holafly.com\\\/es\\\/blog\\\/visas\\\/visa-trabajo-portugal-para-mexicanos\\\/#faq-question-1782141446067\"},{\"@id\":\"https:\\\/\\\/esim.holafly.com\\\/es\\\/blog\\\/visas\\\/visa-trabajo-portugal-para-mexicanos\\\/#faq-question-1782141504063\"},{\"@id\":\"https:\\\/\\\/esim.holafly.com\\\/es\\\/blog\\\/visas\\\/visa-trabajo-portugal-para-mexicanos\\\/#faq-question-1782141525788\"}],\"inLanguage\":\"es\",\"potentialAction\":[{\"@type\":\"ReadAction\",\"target\":[\"https:\\\/\\\/esim.holafly.com\\\/es\\\/blog\\\/visas\\\/visa-trabajo-portugal-para-mexicanos\\\/\"]}]},{\"@type\":\"ImageObject\",\"inLanguage\":\"es\",\"@id\":\"https:\\\/\\\/esim.holafly.com\\\/es\\\/blog\\\/visas\\\/visa-trabajo-portugal-para-mexicanos\\\/#primaryimage\",\"url\":\"https:\\\/\\\/media.holafly.com\\\/sites\\\/21\\\/2026\\\/06\\\/visa-de-trabajo-portugal-para-mexicanos.jpg\",\"contentUrl\":\"https:\\\/\\\/media.holafly.com\\\/sites\\\/21\\\/2026\\\/06\\\/visa-de-trabajo-portugal-para-mexicanos.jpg\",\"width\":1920,\"height\":1080,\"caption\":\"visa-de-trabajo-portugal-para-mexicanos\"},{\"@type\":\"BreadcrumbList\",\"@id\":\"https:\\\/\\\/esim.holafly.com\\\/es\\\/blog\\\/visas\\\/visa-trabajo-portugal-para-mexicanos\\\/#breadcrumb\",\"itemListElement\":[{\"@type\":\"ListItem\",\"position\":1,\"name\":\"Home\",\"item\":\"https:\\\/\\\/esim.holafly.com\\\/es\\\/\"},{\"@type\":\"ListItem\",\"position\":2,\"name\":\"Visas de trabajo en Portugal: gu\u00eda para mexicanos\"}]},{\"@type\":\"WebSite\",\"@id\":\"https:\\\/\\\/esim.holafly.com\\\/es\\\/#website\",\"url\":\"https:\\\/\\\/esim.holafly.com\\\/es\\\/\",\"name\":\"Holafly\",\"description\":\"eSIM internacional prepago para viajeros +200 destinos\",\"publisher\":{\"@id\":\"https:\\\/\\\/esim.holafly.com\\\/es\\\/#organization\"},\"alternateName\":\"Holafly eSIM\",\"potentialAction\":[{\"@type\":\"SearchAction\",\"target\":{\"@type\":\"EntryPoint\",\"urlTemplate\":\"https:\\\/\\\/esim.holafly.com\\\/es\\\/?s={search_term_string}\"},\"query-input\":{\"@type\":\"PropertyValueSpecification\",\"valueRequired\":true,\"valueName\":\"search_term_string\"}}],\"inLanguage\":\"es\"},{\"@type\":\"Organization\",\"@id\":\"https:\\\/\\\/esim.holafly.com\\\/es\\\/#organization\",\"name\":\"Holafly, S.L\",\"alternateName\":\"Holafly\",\"url\":\"https:\\\/\\\/esim.holafly.com\\\/es\\\/\",\"logo\":{\"@type\":\"ImageObject\",\"inLanguage\":\"es\",\"@id\":\"https:\\\/\\\/esim.holafly.com\\\/es\\\/#\\\/schema\\\/logo\\\/image\\\/\",\"url\":\"https:\\\/\\\/media.holafly.com\\\/sites\\\/21\\\/2023\\\/05\\\/logo-holafly-relacion-aspecto-1-1.png\",\"contentUrl\":\"https:\\\/\\\/media.holafly.com\\\/sites\\\/21\\\/2023\\\/05\\\/logo-holafly-relacion-aspecto-1-1.png\",\"width\":929,\"height\":803,\"caption\":\"Holafly, S.L\"},\"image\":{\"@id\":\"https:\\\/\\\/esim.holafly.com\\\/es\\\/#\\\/schema\\\/logo\\\/image\\\/\"},\"sameAs\":[\"https:\\\/\\\/www.facebook.com\\\/HolaFlying\\\/\",\"https:\\\/\\\/x.com\\\/holafly_com\",\"https:\\\/\\\/www.instagram.com\\\/holafly_es\\\/\"]},{\"@type\":\"Person\",\"@id\":\"https:\\\/\\\/esim.holafly.com\\\/es\\\/#\\\/schema\\\/person\\\/1027523425e71d86a88e008ae1710fb0\",\"name\":\"Karla Marquez\",\"image\":{\"@type\":\"ImageObject\",\"inLanguage\":\"es\",\"@id\":\"https:\\\/\\\/secure.gravatar.com\\\/avatar\\\/0085fb169736ee7fb67d716a702315785301cdf221b28528797f69954d84cf3c?s=96&d=https%3A%2F%2Fesim.holafly.com%2Fes%2Fwp-content%2Fuploads%2Fsites%2F21%2F2024%2F01%2Fgravatar-logo-holafly-min.jpg&r=g\",\"url\":\"https:\\\/\\\/secure.gravatar.com\\\/avatar\\\/0085fb169736ee7fb67d716a702315785301cdf221b28528797f69954d84cf3c?s=96&d=https%3A%2F%2Fesim.holafly.com%2Fes%2Fwp-content%2Fuploads%2Fsites%2F21%2F2024%2F01%2Fgravatar-logo-holafly-min.jpg&r=g\",\"contentUrl\":\"https:\\\/\\\/secure.gravatar.com\\\/avatar\\\/0085fb169736ee7fb67d716a702315785301cdf221b28528797f69954d84cf3c?s=96&d=https%3A%2F%2Fesim.holafly.com%2Fes%2Fwp-content%2Fuploads%2Fsites%2F21%2F2024%2F01%2Fgravatar-logo-holafly-min.jpg&r=g\",\"caption\":\"Karla Marquez\"},\"description\":\"100% Digital nomad. Las comunicaciones digitales han sido mi escenario desde que egres\u00e9. He vivido en Chile, Canad\u00e1 y USA. Originalmente de Colombia.\",\"sameAs\":[\"https:\\\/\\\/www.linkedin.com\\\/in\\\/karlamarquezb\\\/\"],\"url\":\"https:\\\/\\\/esim.holafly.com\\\/es\\\/author\\\/karlamarquez\\\/\"},{\"@type\":\"Question\",\"@id\":\"https:\\\/\\\/esim.holafly.com\\\/es\\\/blog\\\/visas\\\/visa-trabajo-portugal-para-mexicanos\\\/#faq-question-1782141379940\",\"position\":1,\"url\":\"https:\\\/\\\/esim.holafly.com\\\/es\\\/blog\\\/visas\\\/visa-trabajo-portugal-para-mexicanos\\\/#faq-question-1782141379940\",\"name\":\"\u00bfPuedo trabajar en Portugal con una visa de turista?\",\"answerCount\":1,\"acceptedAnswer\":{\"@type\":\"Answer\",\"text\":\"No. La visa de turista no autoriza ninguna actividad laboral remunerada en territorio portugu\u00e9s.\",\"inLanguage\":\"es\"},\"inLanguage\":\"es\"},{\"@type\":\"Question\",\"@id\":\"https:\\\/\\\/esim.holafly.com\\\/es\\\/blog\\\/visas\\\/visa-trabajo-portugal-para-mexicanos\\\/#faq-question-1782141411393\",\"position\":2,\"url\":\"https:\\\/\\\/esim.holafly.com\\\/es\\\/blog\\\/visas\\\/visa-trabajo-portugal-para-mexicanos\\\/#faq-question-1782141411393\",\"name\":\"\u00bfCu\u00e1nto tiempo tarda en aprobarse una visa de trabajo portuguesa?\",\"answerCount\":1,\"acceptedAnswer\":{\"@type\":\"Answer\",\"text\":\"El proceso completo, desde la solicitud consular hasta la obtenci\u00f3n del permiso de residencia, puede tomar entre 2 y 4 meses.\",\"inLanguage\":\"es\"},\"inLanguage\":\"es\"},{\"@type\":\"Question\",\"@id\":\"https:\\\/\\\/esim.holafly.com\\\/es\\\/blog\\\/visas\\\/visa-trabajo-portugal-para-mexicanos\\\/#faq-question-1782141432273\",\"position\":3,\"url\":\"https:\\\/\\\/esim.holafly.com\\\/es\\\/blog\\\/visas\\\/visa-trabajo-portugal-para-mexicanos\\\/#faq-question-1782141432273\",\"name\":\"\u00bfNecesito saber portugu\u00e9s para obtener una visa de trabajo?\",\"answerCount\":1,\"acceptedAnswer\":{\"@type\":\"Answer\",\"text\":\"No es un requisito obligatorio para la mayor\u00eda de las visas, aunque dominar el idioma facilita la integraci\u00f3n laboral y social.\",\"inLanguage\":\"es\"},\"inLanguage\":\"es\"},{\"@type\":\"Question\",\"@id\":\"https:\\\/\\\/esim.holafly.com\\\/es\\\/blog\\\/visas\\\/visa-trabajo-portugal-para-mexicanos\\\/#faq-question-1782141446067\",\"position\":4,\"url\":\"https:\\\/\\\/esim.holafly.com\\\/es\\\/blog\\\/visas\\\/visa-trabajo-portugal-para-mexicanos\\\/#faq-question-1782141446067\",\"name\":\"\u00bfPuedo llevar a mi familia si obtengo una visa de trabajo?\",\"answerCount\":1,\"acceptedAnswer\":{\"@type\":\"Answer\",\"text\":\"S\u00ed, mediante el proceso de reagrupaci\u00f3n familiar disponible para titulares de permisos de residencia laboral.\",\"inLanguage\":\"es\"},\"inLanguage\":\"es\"},{\"@type\":\"Question\",\"@id\":\"https:\\\/\\\/esim.holafly.com\\\/es\\\/blog\\\/visas\\\/visa-trabajo-portugal-para-mexicanos\\\/#faq-question-1782141504063\",\"position\":5,\"url\":\"https:\\\/\\\/esim.holafly.com\\\/es\\\/blog\\\/visas\\\/visa-trabajo-portugal-para-mexicanos\\\/#faq-question-1782141504063\",\"name\":\"\u00bfQu\u00e9 pasa si mi visa de b\u00fasqueda de empleo vence sin haber conseguido trabajo?\",\"answerCount\":1,\"acceptedAnswer\":{\"@type\":\"Answer\",\"text\":\"Debes salir de Portugal o explorar otras v\u00edas migratorias, ya que esta visa no se renueva indefinidamente sin un contrato formal.\",\"inLanguage\":\"es\"},\"inLanguage\":\"es\"},{\"@type\":\"Question\",\"@id\":\"https:\\\/\\\/esim.holafly.com\\\/es\\\/blog\\\/visas\\\/visa-trabajo-portugal-para-mexicanos\\\/#faq-question-1782141525788\",\"position\":6,\"url\":\"https:\\\/\\\/esim.holafly.com\\\/es\\\/blog\\\/visas\\\/visa-trabajo-portugal-para-mexicanos\\\/#faq-question-1782141525788\",\"name\":\"\u00bfEs necesario tener una oferta de trabajo antes de viajar a Portugal?\",\"answerCount\":1,\"acceptedAnswer\":{\"@type\":\"Answer\",\"text\":\"Depende de la visa: la D1 y la estacional s\u00ed la requieren, mientras que la D2 y la de b\u00fasqueda de empleo no.\",\"inLanguage\":\"es\"},\"inLanguage\":\"es\"}]}<\/script>\n<!-- \/ Yoast SEO plugin. -->","yoast_head_json":{"title":"Visas de trabajo en Portugal para mexicanos - Holafly","description":"Encuentra aqu\u00ed toda la informaci\u00f3n sobre la visa de trabajo en Portugal para mexicanos, ideal para una nueva experiencia laboral.","robots":{"index":"index","follow":"follow","max-snippet":"max-snippet:-1","max-image-preview":"max-image-preview:large","max-video-preview":"max-video-preview:-1"},"canonical":"https:\/\/esim.holafly.com\/es\/blog\/visas\/visa-trabajo-portugal-para-mexicanos\/","og_locale":"es_ES","og_type":"article","og_title":"Visas de trabajo en Portugal para mexicanos - Holafly","og_description":"Encuentra aqu\u00ed toda la informaci\u00f3n sobre la visa de trabajo en Portugal para mexicanos, ideal para una nueva experiencia laboral.","og_url":"https:\/\/esim.holafly.com\/es\/blog\/visas\/visa-trabajo-portugal-para-mexicanos\/","og_site_name":"Holafly","article_publisher":"https:\/\/www.facebook.com\/HolaFlying\/","article_published_time":"2026-06-22T18:24:30+00:00","article_modified_time":"2026-06-22T18:24:31+00:00","og_image":[{"width":1920,"height":1080,"url":"https:\/\/media.holafly.com\/sites\/21\/2026\/06\/visa-de-trabajo-portugal-para-mexicanos.jpg","type":"image\/jpeg"}],"author":"Karla Marquez","twitter_card":"summary_large_image","twitter_creator":"@holafly_com","twitter_site":"@holafly_com","twitter_misc":{"Escrito por":"Karla Marquez","Tiempo de lectura":"10 minutos"},"schema":{"@context":"https:\/\/schema.org","@graph":[{"@type":"Article","@id":"https:\/\/esim.holafly.com\/es\/blog\/visas\/visa-trabajo-portugal-para-mexicanos\/#article","isPartOf":{"@id":"https:\/\/esim.holafly.com\/es\/blog\/visas\/visa-trabajo-portugal-para-mexicanos\/"},"author":{"name":"Karla Marquez","@id":"https:\/\/esim.holafly.com\/es\/#\/schema\/person\/1027523425e71d86a88e008ae1710fb0"},"headline":"Visas de trabajo en Portugal: gu\u00eda para mexicanos","datePublished":"2026-06-22T18:24:30+00:00","dateModified":"2026-06-22T18:24:31+00:00","mainEntityOfPage":{"@id":"https:\/\/esim.holafly.com\/es\/blog\/visas\/visa-trabajo-portugal-para-mexicanos\/"},"wordCount":2018,"commentCount":0,"publisher":{"@id":"https:\/\/esim.holafly.com\/es\/#organization"},"image":{"@id":"https:\/\/esim.holafly.com\/es\/blog\/visas\/visa-trabajo-portugal-para-mexicanos\/#primaryimage"},"thumbnailUrl":"https:\/\/media.holafly.com\/sites\/21\/2026\/06\/visa-de-trabajo-portugal-para-mexicanos.jpg","articleSection":["Visas"],"inLanguage":"es","potentialAction":[{"@type":"CommentAction","name":"Comment","target":["https:\/\/esim.holafly.com\/es\/blog\/visas\/visa-trabajo-portugal-para-mexicanos\/#respond"]}]},{"@type":["WebPage","FAQPage"],"@id":"https:\/\/esim.holafly.com\/es\/blog\/visas\/visa-trabajo-portugal-para-mexicanos\/","url":"https:\/\/esim.holafly.com\/es\/blog\/visas\/visa-trabajo-portugal-para-mexicanos\/","name":"Visas de trabajo en Portugal para mexicanos - Holafly","isPartOf":{"@id":"https:\/\/esim.holafly.com\/es\/#website"},"primaryImageOfPage":{"@id":"https:\/\/esim.holafly.com\/es\/blog\/visas\/visa-trabajo-portugal-para-mexicanos\/#primaryimage"},"image":{"@id":"https:\/\/esim.holafly.com\/es\/blog\/visas\/visa-trabajo-portugal-para-mexicanos\/#primaryimage"},"thumbnailUrl":"https:\/\/media.holafly.com\/sites\/21\/2026\/06\/visa-de-trabajo-portugal-para-mexicanos.jpg","datePublished":"2026-06-22T18:24:30+00:00","dateModified":"2026-06-22T18:24:31+00:00","description":"Encuentra aqu\u00ed toda la informaci\u00f3n sobre la visa de trabajo en Portugal para mexicanos, ideal para una nueva experiencia laboral.","breadcrumb":{"@id":"https:\/\/esim.holafly.com\/es\/blog\/visas\/visa-trabajo-portugal-para-mexicanos\/#breadcrumb"},"mainEntity":[{"@id":"https:\/\/esim.holafly.com\/es\/blog\/visas\/visa-trabajo-portugal-para-mexicanos\/#faq-question-1782141379940"},{"@id":"https:\/\/esim.holafly.com\/es\/blog\/visas\/visa-trabajo-portugal-para-mexicanos\/#faq-question-1782141411393"},{"@id":"https:\/\/esim.holafly.com\/es\/blog\/visas\/visa-trabajo-portugal-para-mexicanos\/#faq-question-1782141432273"},{"@id":"https:\/\/esim.holafly.com\/es\/blog\/visas\/visa-trabajo-portugal-para-mexicanos\/#faq-question-1782141446067"},{"@id":"https:\/\/esim.holafly.com\/es\/blog\/visas\/visa-trabajo-portugal-para-mexicanos\/#faq-question-1782141504063"},{"@id":"https:\/\/esim.holafly.com\/es\/blog\/visas\/visa-trabajo-portugal-para-mexicanos\/#faq-question-1782141525788"}],"inLanguage":"es","potentialAction":[{"@type":"ReadAction","target":["https:\/\/esim.holafly.com\/es\/blog\/visas\/visa-trabajo-portugal-para-mexicanos\/"]}]},{"@type":"ImageObject","inLanguage":"es","@id":"https:\/\/esim.holafly.com\/es\/blog\/visas\/visa-trabajo-portugal-para-mexicanos\/#primaryimage","url":"https:\/\/media.holafly.com\/sites\/21\/2026\/06\/visa-de-trabajo-portugal-para-mexicanos.jpg","contentUrl":"https:\/\/media.holafly.com\/sites\/21\/2026\/06\/visa-de-trabajo-portugal-para-mexicanos.jpg","width":1920,"height":1080,"caption":"visa-de-trabajo-portugal-para-mexicanos"},{"@type":"BreadcrumbList","@id":"https:\/\/esim.holafly.com\/es\/blog\/visas\/visa-trabajo-portugal-para-mexicanos\/#breadcrumb","itemListElement":[{"@type":"ListItem","position":1,"name":"Home","item":"https:\/\/esim.holafly.com\/es\/"},{"@type":"ListItem","position":2,"name":"Visas de trabajo en Portugal: gu\u00eda para mexicanos"}]},{"@type":"WebSite","@id":"https:\/\/esim.holafly.com\/es\/#website","url":"https:\/\/esim.holafly.com\/es\/","name":"Holafly","description":"eSIM internacional prepago para viajeros +200 destinos","publisher":{"@id":"https:\/\/esim.holafly.com\/es\/#organization"},"alternateName":"Holafly eSIM","potentialAction":[{"@type":"SearchAction","target":{"@type":"EntryPoint","urlTemplate":"https:\/\/esim.holafly.com\/es\/?s={search_term_string}"},"query-input":{"@type":"PropertyValueSpecification","valueRequired":true,"valueName":"search_term_string"}}],"inLanguage":"es"},{"@type":"Organization","@id":"https:\/\/esim.holafly.com\/es\/#organization","name":"Holafly, S.L","alternateName":"Holafly","url":"https:\/\/esim.holafly.com\/es\/","logo":{"@type":"ImageObject","inLanguage":"es","@id":"https:\/\/esim.holafly.com\/es\/#\/schema\/logo\/image\/","url":"https:\/\/media.holafly.com\/sites\/21\/2023\/05\/logo-holafly-relacion-aspecto-1-1.png","contentUrl":"https:\/\/media.holafly.com\/sites\/21\/2023\/05\/logo-holafly-relacion-aspecto-1-1.png","width":929,"height":803,"caption":"Holafly, S.L"},"image":{"@id":"https:\/\/esim.holafly.com\/es\/#\/schema\/logo\/image\/"},"sameAs":["https:\/\/www.facebook.com\/HolaFlying\/","https:\/\/x.com\/holafly_com","https:\/\/www.instagram.com\/holafly_es\/"]},{"@type":"Person","@id":"https:\/\/esim.holafly.com\/es\/#\/schema\/person\/1027523425e71d86a88e008ae1710fb0","name":"Karla Marquez","image":{"@type":"ImageObject","inLanguage":"es","@id":"https:\/\/secure.gravatar.com\/avatar\/0085fb169736ee7fb67d716a702315785301cdf221b28528797f69954d84cf3c?s=96&d=https%3A%2F%2Fesim.holafly.com%2Fes%2Fwp-content%2Fuploads%2Fsites%2F21%2F2024%2F01%2Fgravatar-logo-holafly-min.jpg&r=g","url":"https:\/\/secure.gravatar.com\/avatar\/0085fb169736ee7fb67d716a702315785301cdf221b28528797f69954d84cf3c?s=96&d=https%3A%2F%2Fesim.holafly.com%2Fes%2Fwp-content%2Fuploads%2Fsites%2F21%2F2024%2F01%2Fgravatar-logo-holafly-min.jpg&r=g","contentUrl":"https:\/\/secure.gravatar.com\/avatar\/0085fb169736ee7fb67d716a702315785301cdf221b28528797f69954d84cf3c?s=96&d=https%3A%2F%2Fesim.holafly.com%2Fes%2Fwp-content%2Fuploads%2Fsites%2F21%2F2024%2F01%2Fgravatar-logo-holafly-min.jpg&r=g","caption":"Karla Marquez"},"description":"100% Digital nomad. Las comunicaciones digitales han sido mi escenario desde que egres\u00e9. He vivido en Chile, Canad\u00e1 y USA. Originalmente de Colombia.","sameAs":["https:\/\/www.linkedin.com\/in\/karlamarquezb\/"],"url":"https:\/\/esim.holafly.com\/es\/author\/karlamarquez\/"},{"@type":"Question","@id":"https:\/\/esim.holafly.com\/es\/blog\/visas\/visa-trabajo-portugal-para-mexicanos\/#faq-question-1782141379940","position":1,"url":"https:\/\/esim.holafly.com\/es\/blog\/visas\/visa-trabajo-portugal-para-mexicanos\/#faq-question-1782141379940","name":"\u00bfPuedo trabajar en Portugal con una visa de turista?","answerCount":1,"acceptedAnswer":{"@type":"Answer","text":"No. La visa de turista no autoriza ninguna actividad laboral remunerada en territorio portugu\u00e9s.","inLanguage":"es"},"inLanguage":"es"},{"@type":"Question","@id":"https:\/\/esim.holafly.com\/es\/blog\/visas\/visa-trabajo-portugal-para-mexicanos\/#faq-question-1782141411393","position":2,"url":"https:\/\/esim.holafly.com\/es\/blog\/visas\/visa-trabajo-portugal-para-mexicanos\/#faq-question-1782141411393","name":"\u00bfCu\u00e1nto tiempo tarda en aprobarse una visa de trabajo portuguesa?","answerCount":1,"acceptedAnswer":{"@type":"Answer","text":"El proceso completo, desde la solicitud consular hasta la obtenci\u00f3n del permiso de residencia, puede tomar entre 2 y 4 meses.","inLanguage":"es"},"inLanguage":"es"},{"@type":"Question","@id":"https:\/\/esim.holafly.com\/es\/blog\/visas\/visa-trabajo-portugal-para-mexicanos\/#faq-question-1782141432273","position":3,"url":"https:\/\/esim.holafly.com\/es\/blog\/visas\/visa-trabajo-portugal-para-mexicanos\/#faq-question-1782141432273","name":"\u00bfNecesito saber portugu\u00e9s para obtener una visa de trabajo?","answerCount":1,"acceptedAnswer":{"@type":"Answer","text":"No es un requisito obligatorio para la mayor\u00eda de las visas, aunque dominar el idioma facilita la integraci\u00f3n laboral y social.","inLanguage":"es"},"inLanguage":"es"},{"@type":"Question","@id":"https:\/\/esim.holafly.com\/es\/blog\/visas\/visa-trabajo-portugal-para-mexicanos\/#faq-question-1782141446067","position":4,"url":"https:\/\/esim.holafly.com\/es\/blog\/visas\/visa-trabajo-portugal-para-mexicanos\/#faq-question-1782141446067","name":"\u00bfPuedo llevar a mi familia si obtengo una visa de trabajo?","answerCount":1,"acceptedAnswer":{"@type":"Answer","text":"S\u00ed, mediante el proceso de reagrupaci\u00f3n familiar disponible para titulares de permisos de residencia laboral.","inLanguage":"es"},"inLanguage":"es"},{"@type":"Question","@id":"https:\/\/esim.holafly.com\/es\/blog\/visas\/visa-trabajo-portugal-para-mexicanos\/#faq-question-1782141504063","position":5,"url":"https:\/\/esim.holafly.com\/es\/blog\/visas\/visa-trabajo-portugal-para-mexicanos\/#faq-question-1782141504063","name":"\u00bfQu\u00e9 pasa si mi visa de b\u00fasqueda de empleo vence sin haber conseguido trabajo?","answerCount":1,"acceptedAnswer":{"@type":"Answer","text":"Debes salir de Portugal o explorar otras v\u00edas migratorias, ya que esta visa no se renueva indefinidamente sin un contrato formal.","inLanguage":"es"},"inLanguage":"es"},{"@type":"Question","@id":"https:\/\/esim.holafly.com\/es\/blog\/visas\/visa-trabajo-portugal-para-mexicanos\/#faq-question-1782141525788","position":6,"url":"https:\/\/esim.holafly.com\/es\/blog\/visas\/visa-trabajo-portugal-para-mexicanos\/#faq-question-1782141525788","name":"\u00bfEs necesario tener una oferta de trabajo antes de viajar a Portugal?","answerCount":1,"acceptedAnswer":{"@type":"Answer","text":"Depende de la visa: la D1 y la estacional s\u00ed la requieren, mientras que la D2 y la de b\u00fasqueda de empleo no.","inLanguage":"es"},"inLanguage":"es"}]}},"featured_image_src":"https:\/\/media.holafly.com\/sites\/21\/2026\/06\/visa-de-trabajo-portugal-para-mexicanos-600x400.jpg","featured_image_src_square":"https:\/\/media.holafly.com\/sites\/21\/2026\/06\/visa-de-trabajo-portugal-para-mexicanos-600x600.jpg","author_info":{"display_name":"Karla Marquez","author_link":"https:\/\/esim.holafly.com\/es\/author\/karlamarquez\/"},"_links":{"self":[{"href":"https:\/\/esim.holafly.com\/es\/wp-json\/wp\/v2\/posts\/352466","targetHints":{"allow":["GET"]}}],"collection":[{"href":"https:\/\/esim.holafly.com\/es\/wp-json\/wp\/v2\/posts"}],"about":[{"href":"https:\/\/esim.holafly.com\/es\/wp-json\/wp\/v2\/types\/post"}],"author":[{"embeddable":true,"href":"https:\/\/esim.holafly.com\/es\/wp-json\/wp\/v2\/users\/376"}],"replies":[{"embeddable":true,"href":"https:\/\/esim.holafly.com\/es\/wp-json\/wp\/v2\/comments?post=352466"}],"version-history":[{"count":5,"href":"https:\/\/esim.holafly.com\/es\/wp-json\/wp\/v2\/posts\/352466\/revisions"}],"predecessor-version":[{"id":352483,"href":"https:\/\/esim.holafly.com\/es\/wp-json\/wp\/v2\/posts\/352466\/revisions\/352483"}],"wp:featuredmedia":[{"embeddable":true,"href":"https:\/\/esim.holafly.com\/es\/wp-json\/wp\/v2\/media\/352480"}],"wp:attachment":[{"href":"https:\/\/esim.holafly.com\/es\/wp-json\/wp\/v2\/media?parent=352466"}],"wp:term":[{"taxonomy":"category","embeddable":true,"href":"https:\/\/esim.holafly.com\/es\/wp-json\/wp\/v2\/categories?post=352466"},{"taxonomy":"post_tag","embeddable":true,"href":"https:\/\/esim.holafly.com\/es\/wp-json\/wp\/v2\/tags?post=352466"}],"curies":[{"name":"wp","href":"https:\/\/api.w.org\/{rel}","templated":true}]}}