{"id":156891,"date":"2024-01-04T16:20:25","date_gmt":"2024-01-04T16:20:25","guid":{"rendered":"https:\/\/esim.holafly.com\/es\/?p=156891"},"modified":"2026-01-16T23:12:25","modified_gmt":"2026-01-16T23:12:25","slug":"festivales-musica-julio","status":"publish","type":"post","link":"https:\/\/esim.holafly.com\/es\/blog\/consejos-viaje\/festivales-musica-julio\/","title":{"rendered":"Festivales de m\u00fasica en julio 2026: lo mejor del verano"},"content":{"rendered":"\n<p>Disfruta de los <strong>festivales de m\u00fasica en julio<\/strong> m\u00e1s destacados y vive una <a href=\"https:\/\/esim.holafly.com\/es\/blog\/consejos-viaje\/donde-viajar-verano\/\" target=\"_blank\" rel=\"noreferrer noopener\">temporada de verano<\/a> incre\u00edble. Estos eventos son conocidos no solo en Europa, sino en el mundo entero. Si est\u00e1s de vacaciones, no hay nada mejor que viajar, pero si decides salir de tu pa\u00eds, te aconsejamos permanecer siempre conectado, para que puedas compartir los mejores momentos de tus aventuras en la red.<\/p>\n\n\n\n<p>A continuaci\u00f3n, te resumiremos algunos de los<strong> festivales de m\u00fasica en julio<\/strong> para todos los gustos musicales, edades y tipos de viajeros. Te contaremos todo acerca de <strong>cu\u00e1ndo ser\u00e1n celebrados<\/strong>, <strong>d\u00f3nde comprar las entradas<\/strong>, cu\u00e1l ser\u00e1 su <strong>programaci\u00f3n<\/strong> y el <strong>lugar del evento<\/strong>.<\/p>\n\n\n\n<h2 class=\"wp-block-heading\"><span class=\"ez-toc-section\" id=\"Festival-de-Roskilde\"><\/span>Festival de Roskilde<span class=\"ez-toc-section-end\"><\/span><\/h2>\n\n\n\n<p>Comenzaremos nuestra lista con el <strong>Festival de Roskilde<\/strong>, el cual ser\u00e1 celebrado <strong>del 27 de junio al 4 de julio<\/strong> en su sede habitual, la ciudad por la cual lleva su nombre: Roskilde, Dinamarca. Este festival fue realizado por primera vez en el a\u00f1o 1971, y actualmente, es uno de los m\u00e1s importantes de toda Europa, junto con el Festival de Glastonbury.<\/p>\n\n\n\n<p>A\u00fan est\u00e1s a tiempo para comprar las entradas para el festival en el <strong><a href=\"https:\/\/www.roskilde-festival.dk\/en\/tickets\" target=\"_blank\" rel=\"noreferrer noopener\">sitio web de Roskilde Festival<\/a><\/strong>,. Durante siete d\u00edas, tendr\u00e1s a tu alcance zonas de camping especiales o comunitarias, tiendas de productos para acampar y m\u00e1s.<\/p>\n\n\n\n<p>Dentro de los<strong> artistas invitados<\/strong> se encuentran: The Cure, Gorillaz, Ethel Cain, Tobias Rahim, Zara Larsson, David Byrne, Little Simz, Yung Lean &amp; Bladee y cientos de artistas m\u00e1s. <\/p>\n\n\n  <div class=\"sidebar-blog banners-blog-wide invert-banner\">\n    <div\n      class=\"sidebar-blog-widget text-color-white \"\n              style=\"background-color: #E12B57\" >\n      <div>\n                              <div class=\"illustration\">\n              <img decoding=\"async\" src=\"https:\/\/media.holafly.com\/sites\/1\/2024\/11\/Paper-Airplane-CTA-illustration.svg\" alt=\"\">\n            <\/div>\n                        <\/div>\n      <div>\n                  <div class=\"title\">\n            <p>Los datos viajan contigo a Dinamarca<\/p>\n          <\/div>\n                          <div class=\"description\">\n            <br \/>Disfruta del festival de Roskilde y comparte las fotograf\u00edas en tus redes sociales sin interrupciones. \u00a1Te ofrecemos una eSIM con datos ilimitados!<br \/>          <\/div>\n                                              <button class=\"btn-primary-l cta-primary\">\n              <a target=\"_blank\" href=\"https:\/\/esim.holafly.com\/es\/esim-dinamarca\/\">eSIM Dinamarca<\/a>            <\/button>\n                                <\/div>\n    <\/div>\n  <\/div>\n  \n\n\n\n<h2 class=\"wp-block-heading\"><span class=\"ez-toc-section\" id=\"Weekend-Beach-Festival\"><\/span>Weekend Beach Festival<span class=\"ez-toc-section-end\"><\/span><\/h2>\n\n\n\n<p>\u00a1Oh s\u00ed! \u00a1Ya llega el <strong>Weekend Beach Festival<\/strong> a M\u00e1laga! \u00bfCu\u00e1ndo es el festival? <strong>Del 9 al 11 de julio<\/strong>, en su acostumbrada sede de Torre del Mar. Para ir al festival puedes adquirir <a href=\"https:\/\/www.weekendbeach.es\/bus-oficial\/\" target=\"_blank\" rel=\"noreferrer noopener nofollow\">entradas de autob\u00fas oficial<\/a>, las cuales cuentan con ida y vuelta desde ciudades como Almer\u00eda, Badajoz, Bilbao, Burgos, C\u00e1diz, C\u00f3rdoba, Granada, Sevilla, Madrid, entre otros.<\/p>\n\n\n\n<p>Adquiere tus entradas en la web de <a href=\"https:\/\/www.weekendbeach.es\/entradas\/\" target=\"_blank\" rel=\"noreferrer noopener nofollow\">Weekend Beach Festival<\/a> de acuerdo a los d\u00edas de asistencia y a las comodidades que deseas disfrutar, ya que en algunas de ellas se encuentra incluido el servicio de acampada y el acceso a la plataforma VIP.<\/p>\n\n\n\n<p>Para este festival de m\u00fasica en julio, podr\u00e1s ver<strong> artistas y grupos<\/strong> como Myke Towers, Morad, Alcal\u00e1 Norte, Los Estanques y el Canijo de Jerez, Biznaga, Boikot y Walls y muchos m\u00e1s. <\/p>\n\n\n\n<h2 class=\"wp-block-heading\"><span class=\"ez-toc-section\" id=\"Bilbao-BBK-Live\"><\/span>Bilbao BBK Live<span class=\"ez-toc-section-end\"><\/span><\/h2>\n\n\n\n<p>Siguiendo con los festivales de m\u00fasica en julio m\u00e1s destacados de Espa\u00f1a, tenemos el <strong>Bilbao BBK Live<\/strong>. Las fechas confirmadas para este evento, son <strong>del 9 al 11 de julio<\/strong>. Para ver la programaci\u00f3n por d\u00eda o el Line Up, y tambi\u00e9n para comprar las entradas, ingresa a la <a href=\"https:\/\/www.bilbaobbklive.com\/es\/\" target=\"_blank\" rel=\"noreferrer noopener nofollow\">web de Bilbao BBK Live<\/a>.<\/p>\n\n\n\n<p>El recinto escogido para el festival, fue el Kobetamendi o Monte Cobetas, un lugar m\u00e1gico y lleno de naturaleza donde podr\u00e1s vivir algunos de los momentos m\u00e1s memorables de toda tu vida. Buenas vistas, aire puro y el mejor repertorio musical sin salir de la ciudad, \u00bfqu\u00e9 m\u00e1s se puede pedir?<\/p>\n\n\n\n<h2 class=\"wp-block-heading\"><span class=\"ez-toc-section\" id=\"Mad-Cool-Festival\"><\/span>Mad Cool Festival<span class=\"ez-toc-section-end\"><\/span><\/h2>\n\n\n\n<p>Artistas como Foo Fighters, Moby, Florence + The Machine, Jennie, Twenty One Pilots y muchos otros m\u00e1s, est\u00e1n listos para presentarse en el <strong>Mad Cool Festival en Madrid, del 8 al 11 de julio<\/strong>. \u00bfY t\u00fa? \u00bfYa tienes tus entradas? Para adquirirlas consigue comprar los tickets en la <a href=\"https:\/\/madcoolfestival.es\/\" target=\"_blank\" rel=\"noreferrer noopener nofollow\">p\u00e1gina oficial de Mad Cool Festival<\/a>.<\/p>\n\n\n\n<p>Este evento se ubicar\u00e1 en Villaverde, muy cercano a Getafe, lo cual es muy conveniente para todas aquellas personas que asistir\u00e1n m\u00e1s de un d\u00eda al festival y necesitan quedarse en las cercan\u00edas del lugar. Si no alcanzaste a ir al S\u00f3nar o al Primavera Sound, esta es tu oportunidad para celebrar al ritmo de estilos musicales como pop, indie, electr\u00f3nica y rock.<\/p>\n\n\n<div class=\"wp-block-image\">\n<figure class=\"aligncenter size-full\"><img loading=\"lazy\" decoding=\"async\" width=\"931\" height=\"612\" src=\"https:\/\/esim.holafly.com\/es\/wp-content\/uploads\/sites\/21\/2023\/04\/Mad-Cool-Festival.png\" alt=\"Mad Cool Festival\" class=\"wp-image-157029\" srcset=\"https:\/\/media.holafly.com\/sites\/21\/2023\/04\/Mad-Cool-Festival.png 931w, https:\/\/media.holafly.com\/sites\/21\/2023\/04\/Mad-Cool-Festival-300x197.png 300w, https:\/\/media.holafly.com\/sites\/21\/2023\/04\/Mad-Cool-Festival-768x505.png 768w, https:\/\/media.holafly.com\/sites\/21\/2023\/04\/Mad-Cool-Festival-600x394.png 600w\" sizes=\"auto, (max-width: 931px) 100vw, 931px\" \/><figcaption class=\"wp-element-caption\">Mad Cool Festival. Fuente: Freepick.<\/figcaption><\/figure>\n<\/div>\n\n\n<h2 class=\"wp-block-heading\"><span class=\"ez-toc-section\" id=\"Ultra-Europa\"><\/span>Ultra Europa<span class=\"ez-toc-section-end\"><\/span><\/h2>\n\n\n\n<p>El <strong>Ultra Music Festival Europa<\/strong> tendr\u00e1 su edici\u00f3n especial <strong>del 10 al 12 de julio <\/strong>en el Park Mladezi de Split, en Croacia.<\/p>\n\n\n\n<p>Los tickets para el <a href=\"https:\/\/ultraeurope.com\/tickets\/festival\/\" target=\"_blank\" rel=\"noreferrer noopener nofollow\">Ultra Music Festival Europa<\/a> pueden ser adquiridos de acuerdo al d\u00eda de admisi\u00f3n y a las facilidades deseadas. Dentro del recinto encontrar\u00e1s servicio de seguridad y limpieza, una propuesta gastron\u00f3mica realmente variada que va desde comida r\u00e1pida, bebidas y frutas, hasta platillos de origen croata e internacional.<\/p>\n\n\n\n<p>Recuerda que para este festival, solo se le permite la entrada a los <strong>mayores de 18 a\u00f1os<\/strong> por motivos de seguridad. Quienes tengan 16 o 17 a\u00f1os, deben asistir con un adulto y es necesario que sea antes de las 9 pm.<\/p>\n\n\n  <div class=\"sidebar-blog banners-blog-wide invert-banner\">\n    <div\n      class=\"sidebar-blog-widget text-color-white \"\n              style=\"background-color: #E12B57\" >\n      <div>\n                              <div class=\"illustration\">\n              <img decoding=\"async\" src=\"https:\/\/media.holafly.com\/sites\/1\/2024\/11\/bike-girl-CTA-illustration.svg\" alt=\"\">\n            <\/div>\n                        <\/div>\n      <div>\n                  <div class=\"title\">\n            <p>Un plan de datos para Europa es todo lo que necesitas<\/p>\n          <\/div>\n                          <div class=\"description\">\n            <br \/>Explora Europa con datos ilimitados, tus datos cruzaran las fronteras contigo sin tener que cambiar de eSIM.<br \/>          <\/div>\n                                              <button class=\"btn-primary-l cta-primary\">\n              <a target=\"_blank\" href=\"https:\/\/esim.holafly.com\/es\/esim-europa\/\">eSIM Europa<\/a>            <\/button>\n                                <\/div>\n    <\/div>\n  <\/div>\n  \n\n\n\n<h2 class=\"wp-block-heading\"><span class=\"ez-toc-section\" id=\"Ghent-Festival\"><\/span>Ghent Festival<span class=\"ez-toc-section-end\"><\/span><\/h2>\n\n\n\n<p>Si planeas un viaje a B\u00e9lgica no te puedes perder <strong>Ghent Festival<\/strong> (en espa\u00f1ol: Festival de Luz de Gante) del <strong>17 al 26 de julio<\/strong>, en la ciudad que lleva su nombre.<\/p>\n\n\n\n<p>Durante estos cuatro d\u00edas, cientos de artistas de diferentes partes del mundo se re\u00fanen para celebrar con m\u00fasica, arte y teatro por toda la ciudad. Esta es una de las fiestas populares m\u00e1s importantes de Europa, declaradas como Patrimonio Cultural Inmaterial de Flanders.<\/p>\n\n\n<div class=\"wp-block-image\">\n<figure class=\"aligncenter size-full\"><img loading=\"lazy\" decoding=\"async\" width=\"960\" height=\"640\" src=\"https:\/\/esim.holafly.com\/es\/wp-content\/uploads\/sites\/21\/2023\/04\/Ghent-Festival.jpg\" alt=\"Ghent Festival\" class=\"wp-image-157032\" srcset=\"https:\/\/media.holafly.com\/sites\/21\/2023\/04\/Ghent-Festival.jpg 960w, https:\/\/media.holafly.com\/sites\/21\/2023\/04\/Ghent-Festival-300x200.jpg 300w, https:\/\/media.holafly.com\/sites\/21\/2023\/04\/Ghent-Festival-768x512.jpg 768w, https:\/\/media.holafly.com\/sites\/21\/2023\/04\/Ghent-Festival-600x400.jpg 600w\" sizes=\"auto, (max-width: 960px) 100vw, 960px\" \/><figcaption class=\"wp-element-caption\">Ghent Festival. Fuente: Sioen.net<\/figcaption><\/figure>\n<\/div>\n\n\n<h2 class=\"wp-block-heading\"><span class=\"ez-toc-section\" id=\"Tomorrowland-2026\"><\/span>Tomorrowland 2026<span class=\"ez-toc-section-end\"><\/span><\/h2>\n\n\n\n<p>Otro de los festivales de m\u00fasica en julio que<strong> tiene como sede una ciudad de B\u00e9lgica<\/strong>, es el famoso <strong>Tomorrowland<\/strong>, el cual es capaz de atraer miles de turistas y visitantes tanto de la regi\u00f3n como de otros pa\u00edses y continentes. <strong>\u00bfCu\u00e1ndo es el Tomorrowland 2026?<\/strong>, el evento se realizar\u00e1 durante dos fines de semana del mes de julio: <\/p>\n\n\n\n<ul class=\"wp-block-list\">\n<li>Del 17 al 19 de julio<\/li>\n\n\n\n<li>Del 24 al 26 de julio<\/li>\n<\/ul>\n\n\n\n<p>El Tomorrowland es<strong> el evento m\u00e1s legendario de m\u00fasica electr\u00f3nica<\/strong>, el cual es capaz de brindar d\u00edas completos de experiencias musicales, art\u00edsticas y gastron\u00f3micas. Existen distintos campamentos para hospedarse dentro del per\u00edmetro, los cuales est\u00e1n adecuados al presupuesto de cada quien, y de igual manera, hay establecimientos de comida, bebida y comercio general. <\/p>\n\n\n\n  <div class=\"sidebar-blog banners-blog-wide invert-banner\">\n    <div\n      class=\"sidebar-blog-widget text-color-white \"\n              style=\"background-color: #E12B57\" >\n      <div>\n                              <div class=\"illustration\">\n              <img decoding=\"async\" src=\"https:\/\/media.holafly.com\/sites\/1\/2024\/11\/bike-girl-CTA-illustration.svg\" alt=\"\">\n            <\/div>\n                        <\/div>\n      <div>\n                  <div class=\"title\">\n            <p>Un plan de datos es todo lo que necesitas<\/p>\n          <\/div>\n                          <div class=\"description\">\n            <br>Explora Europa con datos ilimitados, tus datos cruzaran las fronteras contigo sin tener que cambiar de eSIM.<br>          <\/div>\n                                              <button class=\"btn-primary-l cta-primary\">\n              <a target=\"_blank\" href=\"https:\/\/esim.holafly.com\/es\/esim-europa\/\">eSIM para Europa<\/a>            <\/button>\n                                <\/div>\n    <\/div>\n  <\/div>\n  \n<div id=\"ez-toc-container\" class=\"ez-toc-v2_0_82_2 counter-hierarchy ez-toc-counter ez-toc-grey ez-toc-container-direction\">\n<div class=\"ez-toc-title-container\">\n<p class=\"ez-toc-title\" style=\"cursor:inherit\">En este art\u00edculo<\/p>\n<span class=\"ez-toc-title-toggle\"><a href=\"#\" class=\"ez-toc-pull-right ez-toc-btn ez-toc-btn-xs ez-toc-btn-default ez-toc-toggle\" aria-label=\"Alternar tabla de contenidos\"><span class=\"ez-toc-js-icon-con\"><span class=\"\"><span class=\"eztoc-hide\" style=\"display:none;\">Toggle<\/span><span class=\"ez-toc-icon-toggle-span\"><svg style=\"fill: #999;color:#999\" xmlns=\"http:\/\/www.w3.org\/2000\/svg\" class=\"list-377408\" width=\"20px\" height=\"20px\" viewBox=\"0 0 24 24\" fill=\"none\"><path d=\"M6 6H4v2h2V6zm14 0H8v2h12V6zM4 11h2v2H4v-2zm16 0H8v2h12v-2zM4 16h2v2H4v-2zm16 0H8v2h12v-2z\" fill=\"currentColor\"><\/path><\/svg><svg style=\"fill: #999;color:#999\" class=\"arrow-unsorted-368013\" xmlns=\"http:\/\/www.w3.org\/2000\/svg\" width=\"10px\" height=\"10px\" viewBox=\"0 0 24 24\" version=\"1.2\" baseProfile=\"tiny\"><path d=\"M18.2 9.3l-6.2-6.3-6.2 6.3c-.2.2-.3.4-.3.7s.1.5.3.7c.2.2.4.3.7.3h11c.3 0 .5-.1.7-.3.2-.2.3-.5.3-.7s-.1-.5-.3-.7zM5.8 14.7l6.2 6.3 6.2-6.3c.2-.2.3-.5.3-.7s-.1-.5-.3-.7c-.2-.2-.4-.3-.7-.3h-11c-.3 0-.5.1-.7.3-.2.2-.3.5-.3.7s.1.5.3.7z\"\/><\/svg><\/span><\/span><\/span><\/a><\/span><\/div>\n<nav><ul class='ez-toc-list ez-toc-list-level-1 ' ><li class='ez-toc-page-1 ez-toc-heading-level-2'><a class=\"ez-toc-link ez-toc-heading-1\" href=\"https:\/\/esim.holafly.com\/es\/blog\/consejos-viaje\/festivales-musica-julio\/#Festival-de-Roskilde\" >Festival de Roskilde<\/a><\/li><li class='ez-toc-page-1 ez-toc-heading-level-2'><a class=\"ez-toc-link ez-toc-heading-2\" href=\"https:\/\/esim.holafly.com\/es\/blog\/consejos-viaje\/festivales-musica-julio\/#Weekend-Beach-Festival\" >Weekend Beach Festival<\/a><\/li><li class='ez-toc-page-1 ez-toc-heading-level-2'><a class=\"ez-toc-link ez-toc-heading-3\" href=\"https:\/\/esim.holafly.com\/es\/blog\/consejos-viaje\/festivales-musica-julio\/#Bilbao-BBK-Live\" >Bilbao BBK Live<\/a><\/li><li class='ez-toc-page-1 ez-toc-heading-level-2'><a class=\"ez-toc-link ez-toc-heading-4\" href=\"https:\/\/esim.holafly.com\/es\/blog\/consejos-viaje\/festivales-musica-julio\/#Mad-Cool-Festival\" >Mad Cool Festival<\/a><\/li><li class='ez-toc-page-1 ez-toc-heading-level-2'><a class=\"ez-toc-link ez-toc-heading-5\" href=\"https:\/\/esim.holafly.com\/es\/blog\/consejos-viaje\/festivales-musica-julio\/#Ultra-Europa\" >Ultra Europa<\/a><\/li><li class='ez-toc-page-1 ez-toc-heading-level-2'><a class=\"ez-toc-link ez-toc-heading-6\" href=\"https:\/\/esim.holafly.com\/es\/blog\/consejos-viaje\/festivales-musica-julio\/#Ghent-Festival\" >Ghent Festival<\/a><\/li><li class='ez-toc-page-1 ez-toc-heading-level-2'><a class=\"ez-toc-link ez-toc-heading-7\" href=\"https:\/\/esim.holafly.com\/es\/blog\/consejos-viaje\/festivales-musica-julio\/#Tomorrowland-2026\" >Tomorrowland 2026<\/a><\/li><\/ul><\/nav><\/div>\n","protected":false},"excerpt":{"rendered":"<p>Descubre los festivales de m\u00fasica en julio m\u00e1s importantes del mundo. Conoce acerca de los m\u00e1s vibrantes y prepara tus sentidos para gozar<\/p>\n","protected":false},"author":138,"featured_media":220540,"comment_status":"open","ping_status":"closed","sticky":false,"template":"","format":"standard","meta":{"_acf_changed":false,"footnotes":""},"categories":[90],"tags":[],"class_list":["post-156891","post","type-post","status-publish","format-standard","has-post-thumbnail","hentry","category-consejos-viaje"],"acf":[],"yoast_head":"<!-- This site is optimized with the Yoast SEO plugin v27.4 - https:\/\/yoast.com\/product\/yoast-seo-wordpress\/ -->\n<title>Festivales de m\u00fasica en julio 2026: lo mejor del verano<\/title>\n<meta name=\"description\" content=\"Descubre los festivales de m\u00fasica en julio m\u00e1s importantes del mundo. Conoce acerca de los m\u00e1s vibrantes y prepara tus sentidos para gozar\" \/>\n<meta name=\"robots\" content=\"index, follow, max-snippet:-1, max-image-preview:large, max-video-preview:-1\" \/>\n<link rel=\"canonical\" href=\"https:\/\/esim.holafly.com\/es\/blog\/consejos-viaje\/festivales-musica-julio\/\" \/>\n<meta property=\"og:locale\" content=\"es_ES\" \/>\n<meta property=\"og:type\" content=\"article\" \/>\n<meta property=\"og:title\" content=\"Festivales de m\u00fasica en julio [currentyear]: lo mejor del verano\" \/>\n<meta property=\"og:description\" content=\"Descubre los festivales de m\u00fasica en julio m\u00e1s importantes del mundo. Conoce acerca de los m\u00e1s vibrantes y prepara tus sentidos para gozar\" \/>\n<meta property=\"og:url\" content=\"https:\/\/esim.holafly.com\/es\/blog\/consejos-viaje\/festivales-musica-julio\/\" \/>\n<meta property=\"og:site_name\" content=\"Holafly\" \/>\n<meta property=\"article:publisher\" content=\"https:\/\/www.facebook.com\/HolaFlying\/\" \/>\n<meta property=\"article:published_time\" content=\"2024-01-04T16:20:25+00:00\" \/>\n<meta property=\"article:modified_time\" content=\"2026-01-16T23:12:25+00:00\" \/>\n<meta property=\"og:image\" content=\"https:\/\/media.holafly.com\/sites\/21\/2023\/04\/festivales-musica-julio.jpg\" \/>\n\t<meta property=\"og:image:width\" content=\"1440\" \/>\n\t<meta property=\"og:image:height\" content=\"735\" \/>\n\t<meta property=\"og:image:type\" content=\"image\/jpeg\" \/>\n<meta name=\"author\" content=\"Francis M\u00e1rquez\" \/>\n<meta name=\"twitter:card\" content=\"summary_large_image\" \/>\n<meta name=\"twitter:creator\" content=\"@holafly_com\" \/>\n<meta name=\"twitter:site\" content=\"@holafly_com\" \/>\n<meta name=\"twitter:label1\" content=\"Escrito por\" \/>\n\t<meta name=\"twitter:data1\" content=\"Francis M\u00e1rquez\" \/>\n\t<meta name=\"twitter:label2\" content=\"Tiempo de lectura\" \/>\n\t<meta name=\"twitter:data2\" content=\"6 minutos\" \/>\n<script type=\"application\/ld+json\" class=\"yoast-schema-graph\">{\"@context\":\"https:\\\/\\\/schema.org\",\"@graph\":[{\"@type\":\"Article\",\"@id\":\"https:\\\/\\\/esim.holafly.com\\\/es\\\/blog\\\/consejos-viaje\\\/festivales-musica-julio\\\/#article\",\"isPartOf\":{\"@id\":\"https:\\\/\\\/esim.holafly.com\\\/es\\\/blog\\\/consejos-viaje\\\/festivales-musica-julio\\\/\"},\"author\":{\"name\":\"Francis M\u00e1rquez\",\"@id\":\"https:\\\/\\\/esim.holafly.com\\\/es\\\/#\\\/schema\\\/person\\\/13b4af8f8b5b2e91ffaa83956832d113\"},\"headline\":\"Festivales de m\u00fasica en julio 2026: lo mejor del verano\",\"datePublished\":\"2024-01-04T16:20:25+00:00\",\"dateModified\":\"2026-01-16T23:12:25+00:00\",\"mainEntityOfPage\":{\"@id\":\"https:\\\/\\\/esim.holafly.com\\\/es\\\/blog\\\/consejos-viaje\\\/festivales-musica-julio\\\/\"},\"wordCount\":1185,\"commentCount\":0,\"publisher\":{\"@id\":\"https:\\\/\\\/esim.holafly.com\\\/es\\\/#organization\"},\"image\":{\"@id\":\"https:\\\/\\\/esim.holafly.com\\\/es\\\/blog\\\/consejos-viaje\\\/festivales-musica-julio\\\/#primaryimage\"},\"thumbnailUrl\":\"https:\\\/\\\/media.holafly.com\\\/sites\\\/21\\\/2023\\\/04\\\/festivales-musica-julio.jpg\",\"articleSection\":[\"Consejos de viaje\"],\"inLanguage\":\"es\",\"potentialAction\":[{\"@type\":\"CommentAction\",\"name\":\"Comment\",\"target\":[\"https:\\\/\\\/esim.holafly.com\\\/es\\\/blog\\\/consejos-viaje\\\/festivales-musica-julio\\\/#respond\"]}]},{\"@type\":\"WebPage\",\"@id\":\"https:\\\/\\\/esim.holafly.com\\\/es\\\/blog\\\/consejos-viaje\\\/festivales-musica-julio\\\/\",\"url\":\"https:\\\/\\\/esim.holafly.com\\\/es\\\/blog\\\/consejos-viaje\\\/festivales-musica-julio\\\/\",\"name\":\"Festivales de m\u00fasica en julio [currentyear]: lo mejor del verano\",\"isPartOf\":{\"@id\":\"https:\\\/\\\/esim.holafly.com\\\/es\\\/#website\"},\"primaryImageOfPage\":{\"@id\":\"https:\\\/\\\/esim.holafly.com\\\/es\\\/blog\\\/consejos-viaje\\\/festivales-musica-julio\\\/#primaryimage\"},\"image\":{\"@id\":\"https:\\\/\\\/esim.holafly.com\\\/es\\\/blog\\\/consejos-viaje\\\/festivales-musica-julio\\\/#primaryimage\"},\"thumbnailUrl\":\"https:\\\/\\\/media.holafly.com\\\/sites\\\/21\\\/2023\\\/04\\\/festivales-musica-julio.jpg\",\"datePublished\":\"2024-01-04T16:20:25+00:00\",\"dateModified\":\"2026-01-16T23:12:25+00:00\",\"description\":\"Descubre los festivales de m\u00fasica en julio m\u00e1s importantes del mundo. Conoce acerca de los m\u00e1s vibrantes y prepara tus sentidos para gozar\",\"breadcrumb\":{\"@id\":\"https:\\\/\\\/esim.holafly.com\\\/es\\\/blog\\\/consejos-viaje\\\/festivales-musica-julio\\\/#breadcrumb\"},\"inLanguage\":\"es\",\"potentialAction\":[{\"@type\":\"ReadAction\",\"target\":[\"https:\\\/\\\/esim.holafly.com\\\/es\\\/blog\\\/consejos-viaje\\\/festivales-musica-julio\\\/\"]}]},{\"@type\":\"ImageObject\",\"inLanguage\":\"es\",\"@id\":\"https:\\\/\\\/esim.holafly.com\\\/es\\\/blog\\\/consejos-viaje\\\/festivales-musica-julio\\\/#primaryimage\",\"url\":\"https:\\\/\\\/media.holafly.com\\\/sites\\\/21\\\/2023\\\/04\\\/festivales-musica-julio.jpg\",\"contentUrl\":\"https:\\\/\\\/media.holafly.com\\\/sites\\\/21\\\/2023\\\/04\\\/festivales-musica-julio.jpg\",\"width\":1440,\"height\":735,\"caption\":\"festivales-musica-julio\"},{\"@type\":\"BreadcrumbList\",\"@id\":\"https:\\\/\\\/esim.holafly.com\\\/es\\\/blog\\\/consejos-viaje\\\/festivales-musica-julio\\\/#breadcrumb\",\"itemListElement\":[{\"@type\":\"ListItem\",\"position\":1,\"name\":\"Home\",\"item\":\"https:\\\/\\\/esim.holafly.com\\\/es\\\/\"},{\"@type\":\"ListItem\",\"position\":2,\"name\":\"Festivales de m\u00fasica en julio 2026: lo mejor del verano\"}]},{\"@type\":\"WebSite\",\"@id\":\"https:\\\/\\\/esim.holafly.com\\\/es\\\/#website\",\"url\":\"https:\\\/\\\/esim.holafly.com\\\/es\\\/\",\"name\":\"Holafly\",\"description\":\"eSIM internacional prepago para viajeros +200 destinos\",\"publisher\":{\"@id\":\"https:\\\/\\\/esim.holafly.com\\\/es\\\/#organization\"},\"alternateName\":\"Holafly eSIM\",\"potentialAction\":[{\"@type\":\"SearchAction\",\"target\":{\"@type\":\"EntryPoint\",\"urlTemplate\":\"https:\\\/\\\/esim.holafly.com\\\/es\\\/?s={search_term_string}\"},\"query-input\":{\"@type\":\"PropertyValueSpecification\",\"valueRequired\":true,\"valueName\":\"search_term_string\"}}],\"inLanguage\":\"es\"},{\"@type\":\"Organization\",\"@id\":\"https:\\\/\\\/esim.holafly.com\\\/es\\\/#organization\",\"name\":\"Holafly, S.L\",\"alternateName\":\"Holafly\",\"url\":\"https:\\\/\\\/esim.holafly.com\\\/es\\\/\",\"logo\":{\"@type\":\"ImageObject\",\"inLanguage\":\"es\",\"@id\":\"https:\\\/\\\/esim.holafly.com\\\/es\\\/#\\\/schema\\\/logo\\\/image\\\/\",\"url\":\"https:\\\/\\\/media.holafly.com\\\/sites\\\/21\\\/2023\\\/05\\\/logo-holafly-relacion-aspecto-1-1.png\",\"contentUrl\":\"https:\\\/\\\/media.holafly.com\\\/sites\\\/21\\\/2023\\\/05\\\/logo-holafly-relacion-aspecto-1-1.png\",\"width\":929,\"height\":803,\"caption\":\"Holafly, S.L\"},\"image\":{\"@id\":\"https:\\\/\\\/esim.holafly.com\\\/es\\\/#\\\/schema\\\/logo\\\/image\\\/\"},\"sameAs\":[\"https:\\\/\\\/www.facebook.com\\\/HolaFlying\\\/\",\"https:\\\/\\\/x.com\\\/holafly_com\",\"https:\\\/\\\/www.instagram.com\\\/holafly_es\\\/\"]},{\"@type\":\"Person\",\"@id\":\"https:\\\/\\\/esim.holafly.com\\\/es\\\/#\\\/schema\\\/person\\\/13b4af8f8b5b2e91ffaa83956832d113\",\"name\":\"Francis M\u00e1rquez\",\"image\":{\"@type\":\"ImageObject\",\"inLanguage\":\"es\",\"@id\":\"https:\\\/\\\/secure.gravatar.com\\\/avatar\\\/b55030b2be5f72d4b4f020a1116b36f775185f5c3fb5ea67cc4d49364b7ad04a?s=96&d=https%3A%2F%2Fesim.holafly.com%2Fes%2Fwp-content%2Fuploads%2Fsites%2F21%2F2024%2F01%2Fgravatar-logo-holafly-min.jpg&r=g\",\"url\":\"https:\\\/\\\/secure.gravatar.com\\\/avatar\\\/b55030b2be5f72d4b4f020a1116b36f775185f5c3fb5ea67cc4d49364b7ad04a?s=96&d=https%3A%2F%2Fesim.holafly.com%2Fes%2Fwp-content%2Fuploads%2Fsites%2F21%2F2024%2F01%2Fgravatar-logo-holafly-min.jpg&r=g\",\"contentUrl\":\"https:\\\/\\\/secure.gravatar.com\\\/avatar\\\/b55030b2be5f72d4b4f020a1116b36f775185f5c3fb5ea67cc4d49364b7ad04a?s=96&d=https%3A%2F%2Fesim.holafly.com%2Fes%2Fwp-content%2Fuploads%2Fsites%2F21%2F2024%2F01%2Fgravatar-logo-holafly-min.jpg&r=g\",\"caption\":\"Francis M\u00e1rquez\"},\"description\":\"Me apasionan los viajes, la escritura, la tecnolog\u00eda y la innovaci\u00f3n, por ello, siempre he sentido gran curiosidad por conocer nuevas culturas y explorar el mundo que me rodea. En Holafly, comparto mis conocimientos sobre eSIM, roaming, gu\u00edas de viajes y m\u00e1s, para que puedas conectarte a Internet en cualquier parte del mundo. \u00a1Ven conmigo y descubre el emocionante mundo de la conectividad global!\ud83c\udf0e\u2708\ufe0f I\u2019m passionate about travel, writing, technology, and innovation, so I\u2019ve always been curious to learn about new cultures and explore the world around me. At Holafly, I share my knowledge about eSIM, roaming, travel guides, and more to help you connect to the Internet anywhere in the world. Join me and discover the exciting world of global connectivity!\ud83c\udf0e\u2708\ufe0f\",\"sameAs\":[\"https:\\\/\\\/www.linkedin.com\\\/in\\\/francis-mrquez\\\/\"],\"url\":\"https:\\\/\\\/esim.holafly.com\\\/es\\\/author\\\/francis\\\/\"}]}<\/script>\n<!-- \/ Yoast SEO plugin. -->","yoast_head_json":{"title":"Festivales de m\u00fasica en julio 2026: lo mejor del verano","description":"Descubre los festivales de m\u00fasica en julio m\u00e1s importantes del mundo. Conoce acerca de los m\u00e1s vibrantes y prepara tus sentidos para gozar","robots":{"index":"index","follow":"follow","max-snippet":"max-snippet:-1","max-image-preview":"max-image-preview:large","max-video-preview":"max-video-preview:-1"},"canonical":"https:\/\/esim.holafly.com\/es\/blog\/consejos-viaje\/festivales-musica-julio\/","og_locale":"es_ES","og_type":"article","og_title":"Festivales de m\u00fasica en julio [currentyear]: lo mejor del verano","og_description":"Descubre los festivales de m\u00fasica en julio m\u00e1s importantes del mundo. Conoce acerca de los m\u00e1s vibrantes y prepara tus sentidos para gozar","og_url":"https:\/\/esim.holafly.com\/es\/blog\/consejos-viaje\/festivales-musica-julio\/","og_site_name":"Holafly","article_publisher":"https:\/\/www.facebook.com\/HolaFlying\/","article_published_time":"2024-01-04T16:20:25+00:00","article_modified_time":"2026-01-16T23:12:25+00:00","og_image":[{"width":1440,"height":735,"url":"https:\/\/media.holafly.com\/sites\/21\/2023\/04\/festivales-musica-julio.jpg","type":"image\/jpeg"}],"author":"Francis M\u00e1rquez","twitter_card":"summary_large_image","twitter_creator":"@holafly_com","twitter_site":"@holafly_com","twitter_misc":{"Escrito por":"Francis M\u00e1rquez","Tiempo de lectura":"6 minutos"},"schema":{"@context":"https:\/\/schema.org","@graph":[{"@type":"Article","@id":"https:\/\/esim.holafly.com\/es\/blog\/consejos-viaje\/festivales-musica-julio\/#article","isPartOf":{"@id":"https:\/\/esim.holafly.com\/es\/blog\/consejos-viaje\/festivales-musica-julio\/"},"author":{"name":"Francis M\u00e1rquez","@id":"https:\/\/esim.holafly.com\/es\/#\/schema\/person\/13b4af8f8b5b2e91ffaa83956832d113"},"headline":"Festivales de m\u00fasica en julio 2026: lo mejor del verano","datePublished":"2024-01-04T16:20:25+00:00","dateModified":"2026-01-16T23:12:25+00:00","mainEntityOfPage":{"@id":"https:\/\/esim.holafly.com\/es\/blog\/consejos-viaje\/festivales-musica-julio\/"},"wordCount":1185,"commentCount":0,"publisher":{"@id":"https:\/\/esim.holafly.com\/es\/#organization"},"image":{"@id":"https:\/\/esim.holafly.com\/es\/blog\/consejos-viaje\/festivales-musica-julio\/#primaryimage"},"thumbnailUrl":"https:\/\/media.holafly.com\/sites\/21\/2023\/04\/festivales-musica-julio.jpg","articleSection":["Consejos de viaje"],"inLanguage":"es","potentialAction":[{"@type":"CommentAction","name":"Comment","target":["https:\/\/esim.holafly.com\/es\/blog\/consejos-viaje\/festivales-musica-julio\/#respond"]}]},{"@type":"WebPage","@id":"https:\/\/esim.holafly.com\/es\/blog\/consejos-viaje\/festivales-musica-julio\/","url":"https:\/\/esim.holafly.com\/es\/blog\/consejos-viaje\/festivales-musica-julio\/","name":"Festivales de m\u00fasica en julio [currentyear]: lo mejor del verano","isPartOf":{"@id":"https:\/\/esim.holafly.com\/es\/#website"},"primaryImageOfPage":{"@id":"https:\/\/esim.holafly.com\/es\/blog\/consejos-viaje\/festivales-musica-julio\/#primaryimage"},"image":{"@id":"https:\/\/esim.holafly.com\/es\/blog\/consejos-viaje\/festivales-musica-julio\/#primaryimage"},"thumbnailUrl":"https:\/\/media.holafly.com\/sites\/21\/2023\/04\/festivales-musica-julio.jpg","datePublished":"2024-01-04T16:20:25+00:00","dateModified":"2026-01-16T23:12:25+00:00","description":"Descubre los festivales de m\u00fasica en julio m\u00e1s importantes del mundo. Conoce acerca de los m\u00e1s vibrantes y prepara tus sentidos para gozar","breadcrumb":{"@id":"https:\/\/esim.holafly.com\/es\/blog\/consejos-viaje\/festivales-musica-julio\/#breadcrumb"},"inLanguage":"es","potentialAction":[{"@type":"ReadAction","target":["https:\/\/esim.holafly.com\/es\/blog\/consejos-viaje\/festivales-musica-julio\/"]}]},{"@type":"ImageObject","inLanguage":"es","@id":"https:\/\/esim.holafly.com\/es\/blog\/consejos-viaje\/festivales-musica-julio\/#primaryimage","url":"https:\/\/media.holafly.com\/sites\/21\/2023\/04\/festivales-musica-julio.jpg","contentUrl":"https:\/\/media.holafly.com\/sites\/21\/2023\/04\/festivales-musica-julio.jpg","width":1440,"height":735,"caption":"festivales-musica-julio"},{"@type":"BreadcrumbList","@id":"https:\/\/esim.holafly.com\/es\/blog\/consejos-viaje\/festivales-musica-julio\/#breadcrumb","itemListElement":[{"@type":"ListItem","position":1,"name":"Home","item":"https:\/\/esim.holafly.com\/es\/"},{"@type":"ListItem","position":2,"name":"Festivales de m\u00fasica en julio 2026: lo mejor del verano"}]},{"@type":"WebSite","@id":"https:\/\/esim.holafly.com\/es\/#website","url":"https:\/\/esim.holafly.com\/es\/","name":"Holafly","description":"eSIM internacional prepago para viajeros +200 destinos","publisher":{"@id":"https:\/\/esim.holafly.com\/es\/#organization"},"alternateName":"Holafly eSIM","potentialAction":[{"@type":"SearchAction","target":{"@type":"EntryPoint","urlTemplate":"https:\/\/esim.holafly.com\/es\/?s={search_term_string}"},"query-input":{"@type":"PropertyValueSpecification","valueRequired":true,"valueName":"search_term_string"}}],"inLanguage":"es"},{"@type":"Organization","@id":"https:\/\/esim.holafly.com\/es\/#organization","name":"Holafly, S.L","alternateName":"Holafly","url":"https:\/\/esim.holafly.com\/es\/","logo":{"@type":"ImageObject","inLanguage":"es","@id":"https:\/\/esim.holafly.com\/es\/#\/schema\/logo\/image\/","url":"https:\/\/media.holafly.com\/sites\/21\/2023\/05\/logo-holafly-relacion-aspecto-1-1.png","contentUrl":"https:\/\/media.holafly.com\/sites\/21\/2023\/05\/logo-holafly-relacion-aspecto-1-1.png","width":929,"height":803,"caption":"Holafly, S.L"},"image":{"@id":"https:\/\/esim.holafly.com\/es\/#\/schema\/logo\/image\/"},"sameAs":["https:\/\/www.facebook.com\/HolaFlying\/","https:\/\/x.com\/holafly_com","https:\/\/www.instagram.com\/holafly_es\/"]},{"@type":"Person","@id":"https:\/\/esim.holafly.com\/es\/#\/schema\/person\/13b4af8f8b5b2e91ffaa83956832d113","name":"Francis M\u00e1rquez","image":{"@type":"ImageObject","inLanguage":"es","@id":"https:\/\/secure.gravatar.com\/avatar\/b55030b2be5f72d4b4f020a1116b36f775185f5c3fb5ea67cc4d49364b7ad04a?s=96&d=https%3A%2F%2Fesim.holafly.com%2Fes%2Fwp-content%2Fuploads%2Fsites%2F21%2F2024%2F01%2Fgravatar-logo-holafly-min.jpg&r=g","url":"https:\/\/secure.gravatar.com\/avatar\/b55030b2be5f72d4b4f020a1116b36f775185f5c3fb5ea67cc4d49364b7ad04a?s=96&d=https%3A%2F%2Fesim.holafly.com%2Fes%2Fwp-content%2Fuploads%2Fsites%2F21%2F2024%2F01%2Fgravatar-logo-holafly-min.jpg&r=g","contentUrl":"https:\/\/secure.gravatar.com\/avatar\/b55030b2be5f72d4b4f020a1116b36f775185f5c3fb5ea67cc4d49364b7ad04a?s=96&d=https%3A%2F%2Fesim.holafly.com%2Fes%2Fwp-content%2Fuploads%2Fsites%2F21%2F2024%2F01%2Fgravatar-logo-holafly-min.jpg&r=g","caption":"Francis M\u00e1rquez"},"description":"Me apasionan los viajes, la escritura, la tecnolog\u00eda y la innovaci\u00f3n, por ello, siempre he sentido gran curiosidad por conocer nuevas culturas y explorar el mundo que me rodea. En Holafly, comparto mis conocimientos sobre eSIM, roaming, gu\u00edas de viajes y m\u00e1s, para que puedas conectarte a Internet en cualquier parte del mundo. \u00a1Ven conmigo y descubre el emocionante mundo de la conectividad global!\ud83c\udf0e\u2708\ufe0f I\u2019m passionate about travel, writing, technology, and innovation, so I\u2019ve always been curious to learn about new cultures and explore the world around me. At Holafly, I share my knowledge about eSIM, roaming, travel guides, and more to help you connect to the Internet anywhere in the world. Join me and discover the exciting world of global connectivity!\ud83c\udf0e\u2708\ufe0f","sameAs":["https:\/\/www.linkedin.com\/in\/francis-mrquez\/"],"url":"https:\/\/esim.holafly.com\/es\/author\/francis\/"}]}},"featured_image_src":"https:\/\/media.holafly.com\/sites\/21\/2023\/04\/festivales-musica-julio-600x400.jpg","featured_image_src_square":"https:\/\/media.holafly.com\/sites\/21\/2023\/04\/festivales-musica-julio-600x600.jpg","author_info":{"display_name":"Francis M\u00e1rquez","author_link":"https:\/\/esim.holafly.com\/es\/author\/francis\/"},"_links":{"self":[{"href":"https:\/\/esim.holafly.com\/es\/wp-json\/wp\/v2\/posts\/156891","targetHints":{"allow":["GET"]}}],"collection":[{"href":"https:\/\/esim.holafly.com\/es\/wp-json\/wp\/v2\/posts"}],"about":[{"href":"https:\/\/esim.holafly.com\/es\/wp-json\/wp\/v2\/types\/post"}],"author":[{"embeddable":true,"href":"https:\/\/esim.holafly.com\/es\/wp-json\/wp\/v2\/users\/138"}],"replies":[{"embeddable":true,"href":"https:\/\/esim.holafly.com\/es\/wp-json\/wp\/v2\/comments?post=156891"}],"version-history":[{"count":3,"href":"https:\/\/esim.holafly.com\/es\/wp-json\/wp\/v2\/posts\/156891\/revisions"}],"predecessor-version":[{"id":342441,"href":"https:\/\/esim.holafly.com\/es\/wp-json\/wp\/v2\/posts\/156891\/revisions\/342441"}],"wp:featuredmedia":[{"embeddable":true,"href":"https:\/\/esim.holafly.com\/es\/wp-json\/wp\/v2\/media\/220540"}],"wp:attachment":[{"href":"https:\/\/esim.holafly.com\/es\/wp-json\/wp\/v2\/media?parent=156891"}],"wp:term":[{"taxonomy":"category","embeddable":true,"href":"https:\/\/esim.holafly.com\/es\/wp-json\/wp\/v2\/categories?post=156891"},{"taxonomy":"post_tag","embeddable":true,"href":"https:\/\/esim.holafly.com\/es\/wp-json\/wp\/v2\/tags?post=156891"}],"curies":[{"name":"wp","href":"https:\/\/api.w.org\/{rel}","templated":true}]}}